{"id":120467,"date":"2024-09-23T11:38:06","date_gmt":"2024-09-23T14:38:06","guid":{"rendered":"https:\/\/www.actualidadadiario.com\/?p=120467"},"modified":"2024-09-23T11:38:06","modified_gmt":"2024-09-23T14:38:06","slug":"una-comision-de-la-camara-de-diputados-se-reunira-en-concordia","status":"publish","type":"post","link":"https:\/\/www.actualidadadiario.com\/index.php\/2024\/09\/23\/una-comision-de-la-camara-de-diputados-se-reunira-en-concordia\/","title":{"rendered":"Una comisi\u00f3n de la C\u00e1mara de Diputados se reunir\u00e1 en Concordia"},"content":{"rendered":"<p style=\"text-align: center;\"><em><strong>Por disposici\u00f3n de la presidencia, y seg\u00fan se\u00f1alaron, por primera vez en la historia de la C\u00e1mara de Diputados de Entre R\u00edos, una comisi\u00f3n de trabajo se trasladar\u00e1 a otra localidad para realizar su labor<\/strong><\/em><\/p>\n<p>&nbsp;<\/p>\n<p>&nbsp;<\/p>\n<p>Ser\u00e1n las comisiones de Legislaci\u00f3n General y de Asuntos Constitucionales, Juicio Pol\u00edtico y Peticiones, Poderes y Reglamento.<\/p>\n<p>La jornada de labor conjunta se realizar\u00e1 en Concordia, el pr\u00f3ximo martes 24 de septiembre &#8211; de 10 a 12 horas &#8211; en el Sal\u00f3n C del Centro de Convenciones.<\/p>\n<p>Seg\u00fan se inform\u00f3, por primera vez en la historia de la c\u00e1mara baja provincial, la labor de comisi\u00f3n se llevar\u00e1 a cabo en otra localidad de la provincia que no sea Paran\u00e1.<\/p>\n<p>&nbsp;<\/p>\n<p><strong>Detalles<\/strong><\/p>\n<p>Durante el trabajo conjunto se realizar\u00e1 el abordaje del expediente 27.439, es decir, el Proyecto de ley: C\u00f3digo Electoral de la Provincia de Entre R\u00edos, proveniente del Poder Ejecutivo entrerriano.<\/p>\n<p>Seg\u00fan se adelant\u00f3, se transmitir\u00e1 en vivo, a trav\u00e9s del siguiente link https:\/\/acortar.link\/tZWf1h<\/p>\n","protected":false},"excerpt":{"rendered":"<p>Por disposici\u00f3n de la presidencia, y seg\u00fan se\u00f1alaron, por primera vez en la historia de la C\u00e1mara de Diputados de Entre R\u00edos, una comisi\u00f3n de trabajo se trasladar\u00e1 a otra localidad para realizar su labor &nbsp; &nbsp; Ser\u00e1n las comisiones de Legislaci\u00f3n General y de Asuntos Constitucionales, Juicio Pol\u00edtico y Peticiones, Poderes y Reglamento. La jornada de labor conjunta se realizar\u00e1 en Concordia, el pr\u00f3ximo martes 24 de septiembre &#8211; de 10 a 12 horas &#8211; en el Sal\u00f3n C del Centro de Convenciones. Seg\u00fan se inform\u00f3, por primera vez&#8230;<\/p>\n","protected":false},"author":3,"featured_media":120387,"comment_status":"closed","ping_status":"closed","sticky":false,"template":"","format":"standard","meta":[],"categories":[15],"tags":[],"_links":{"self":[{"href":"https:\/\/www.actualidadadiario.com\/index.php\/wp-json\/wp\/v2\/posts\/120467"}],"collection":[{"href":"https:\/\/www.actualidadadiario.com\/index.php\/wp-json\/wp\/v2\/posts"}],"about":[{"href":"https:\/\/www.actualidadadiario.com\/index.php\/wp-json\/wp\/v2\/types\/post"}],"author":[{"embeddable":true,"href":"https:\/\/www.actualidadadiario.com\/index.php\/wp-json\/wp\/v2\/users\/3"}],"replies":[{"embeddable":true,"href":"https:\/\/www.actualidadadiario.com\/index.php\/wp-json\/wp\/v2\/comments?post=120467"}],"version-history":[{"count":1,"href":"https:\/\/www.actualidadadiario.com\/index.php\/wp-json\/wp\/v2\/posts\/120467\/revisions"}],"predecessor-version":[{"id":120468,"href":"https:\/\/www.actualidadadiario.com\/index.php\/wp-json\/wp\/v2\/posts\/120467\/revisions\/120468"}],"wp:featuredmedia":[{"embeddable":true,"href":"https:\/\/www.actualidadadiario.com\/index.php\/wp-json\/wp\/v2\/media\/120387"}],"wp:attachment":[{"href":"https:\/\/www.actualidadadiario.com\/index.php\/wp-json\/wp\/v2\/media?parent=120467"}],"wp:term":[{"taxonomy":"category","embeddable":true,"href":"https:\/\/www.actualidadadiario.com\/index.php\/wp-json\/wp\/v2\/categories?post=120467"},{"taxonomy":"post_tag","embeddable":true,"href":"https:\/\/www.actualidadadiario.com\/index.php\/wp-json\/wp\/v2\/tags?post=120467"}],"curies":[{"name":"wp","href":"https:\/\/api.w.org\/{rel}","templated":true}]}}