{"id":120465,"date":"2024-09-23T11:37:28","date_gmt":"2024-09-23T14:37:28","guid":{"rendered":"https:\/\/www.actualidadadiario.com\/?p=120465"},"modified":"2024-09-23T11:42:24","modified_gmt":"2024-09-23T14:42:24","slug":"ceso-el-alerta-por-tormentas-para-una-zona-de-entre-rios-pero-seguira-la-inestabilidad","status":"publish","type":"post","link":"https:\/\/www.actualidadadiario.com\/index.php\/2024\/09\/23\/ceso-el-alerta-por-tormentas-para-una-zona-de-entre-rios-pero-seguira-la-inestabilidad\/","title":{"rendered":"Ces\u00f3 el alerta por tormentas para una zona de Entre R\u00edos, pero seguir\u00e1 la inestabilidad"},"content":{"rendered":"<p style=\"text-align: center;\"><em><strong>El tiempo mejora en la zona oeste de Entre R\u00edos. En el resto de la provincia todav\u00eda podr\u00edan producirse tormentas. Adem\u00e1s, se emiti\u00f3 otra alerta para el martes que incluye a Paran\u00e1. El pron\u00f3stico del tiempo<\/strong><\/em><\/p>\n<p>&nbsp;<\/p>\n<p>&nbsp;<\/p>\n<p>El Servicio Meteorol\u00f3gico Nacional emiti\u00f3 esta ma\u00f1ana el cesa de la alerta por tormentas en todo el oeste entrerriano, mientas que se mantiene la advertencia naranja para el noreste y la amarilla para el sudeste de nuestra provincia.<\/p>\n<p>&nbsp;<\/p>\n<p><strong>Alerta naranja<\/strong><\/p>\n<p>El mayor nivel de alerta rige para Concordia, Federaci\u00f3n, Federal, Feliciano y San Salvador.<\/p>\n<p>Esta zona todav\u00eda podr\u00eda ser \u201cafectada por tormentas localmente fuertes o severas. Las mismas podr\u00e1n estar acompa\u00f1adas por r\u00e1fagas intensas, importante actividad el\u00e9ctrica, granizos de diversos tama\u00f1os, y abundante ca\u00edda de agua en cortos per\u00edodos\u201d.<\/p>\n<p>Se estiman \u201cvalores de precipitaci\u00f3n acumulada entre 40 y 60 mil\u00edmetros, pudiendo ser superados en forma puntual\u201d.<\/p>\n<p>&nbsp;<\/p>\n<p><strong>Alerta amarilla<\/strong><\/p>\n<p>Col\u00f3n, Gualeguaych\u00fa, Islas del Ibicuy, Tala y Uruguay son los departamentos en los que sigue vigente la alerta amarilla por \u201ctormentas aisladas, pudiendo ser algunas localmente fuertes\u201d.<\/p>\n<p>Las mismas \u201cestar\u00e1n acompa\u00f1adas por ca\u00edda de granizo, intensa actividad el\u00e9ctrica, abundante ca\u00edda de agua en cortos per\u00edodos, y r\u00e1fagas intensas\u201d.<\/p>\n<p>Prev\u00e9n precipitaciones de 15 y 35 mil\u00edmetros, pudiendo ser superados de forma local.<\/p>\n<p>&nbsp;<\/p>\n<p><strong>Otra alerta para el martes<\/strong><\/p>\n<p>Mientras tanto, hay una advertencia amarilla por tormentas para la madrugada del martes, que abarca al centro y norte de Entre R\u00edos, incluyendo a Paran\u00e1,<\/p>\n<p>El informe da cuenta de que esta zona \u201cser\u00e1 afectada por tormentas aisladas, pudiendo ser algunas localmente fuertes. Estar\u00e1n acompa\u00f1adas por ca\u00edda de granizo, intensa actividad el\u00e9ctrica, abundante ca\u00edda de agua en cortos per\u00edodos, y r\u00e1fagas intensas\u201d.<\/p>\n<p>Anuncian \u201cvalores de precipitaci\u00f3n acumulada entre 15 y 35 mil\u00edmetros, pudiendo ser superados de forma local\u201d.<\/p>\n<p>&nbsp;<\/p>\n<p><strong>C\u00f3mo seguir\u00e1 el tiempo durante la semana<\/strong><\/p>\n<p>Entre \u201cel martes y el mi\u00e9rcoles habr\u00e1 un lento avance de la zona frontal con la actividad de mal tiempo hacia el centro del Litoral, con lluvias y tormentas localmente fuertes en el centro y norte de Santa Fe, norte de Entre R\u00edos, y sur y centro de Corrientes\u201d.<\/p>\n<p>En nuestra provincia se anuncia un martes inestable, con probabilidad de precipitaciones, r\u00e1fagas de viento del sudeste de hasta 50 kil\u00f3metros por hora.<\/p>\n<p>El mi\u00e9rcoles estar\u00e1 mayormente nublado, con registros t\u00e9rmicos de hasta 23 grados. Mientras tanto, el jueves podr\u00eda haber algo m\u00e1s de sol, pero las marcas en los term\u00f3metros ser\u00e1n inferiores: estiman 12 grados a la ma\u00f1ana y 21 por la tarde.<\/p>\n<p>El viernes y el s\u00e1bado estar\u00e1 mayormente soleado y las temperaturas m\u00e1ximas rondar\u00edan los 25 grados.<\/p>\n","protected":false},"excerpt":{"rendered":"<p>El tiempo mejora en la zona oeste de Entre R\u00edos. En el resto de la provincia todav\u00eda podr\u00edan producirse tormentas. Adem\u00e1s, se emiti\u00f3 otra alerta para el martes que incluye a Paran\u00e1. El pron\u00f3stico del tiempo &nbsp; &nbsp; El Servicio Meteorol\u00f3gico Nacional emiti\u00f3 esta ma\u00f1ana el cesa de la alerta por tormentas en todo el oeste entrerriano, mientas que se mantiene la advertencia naranja para el noreste y la amarilla para el sudeste de nuestra provincia. &nbsp; Alerta naranja El mayor nivel de alerta rige para Concordia, Federaci\u00f3n, Federal, Feliciano&#8230;<\/p>\n","protected":false},"author":3,"featured_media":39961,"comment_status":"closed","ping_status":"closed","sticky":false,"template":"","format":"standard","meta":[],"categories":[15],"tags":[],"_links":{"self":[{"href":"https:\/\/www.actualidadadiario.com\/index.php\/wp-json\/wp\/v2\/posts\/120465"}],"collection":[{"href":"https:\/\/www.actualidadadiario.com\/index.php\/wp-json\/wp\/v2\/posts"}],"about":[{"href":"https:\/\/www.actualidadadiario.com\/index.php\/wp-json\/wp\/v2\/types\/post"}],"author":[{"embeddable":true,"href":"https:\/\/www.actualidadadiario.com\/index.php\/wp-json\/wp\/v2\/users\/3"}],"replies":[{"embeddable":true,"href":"https:\/\/www.actualidadadiario.com\/index.php\/wp-json\/wp\/v2\/comments?post=120465"}],"version-history":[{"count":1,"href":"https:\/\/www.actualidadadiario.com\/index.php\/wp-json\/wp\/v2\/posts\/120465\/revisions"}],"predecessor-version":[{"id":120466,"href":"https:\/\/www.actualidadadiario.com\/index.php\/wp-json\/wp\/v2\/posts\/120465\/revisions\/120466"}],"wp:featuredmedia":[{"embeddable":true,"href":"https:\/\/www.actualidadadiario.com\/index.php\/wp-json\/wp\/v2\/media\/39961"}],"wp:attachment":[{"href":"https:\/\/www.actualidadadiario.com\/index.php\/wp-json\/wp\/v2\/media?parent=120465"}],"wp:term":[{"taxonomy":"category","embeddable":true,"href":"https:\/\/www.actualidadadiario.com\/index.php\/wp-json\/wp\/v2\/categories?post=120465"},{"taxonomy":"post_tag","embeddable":true,"href":"https:\/\/www.actualidadadiario.com\/index.php\/wp-json\/wp\/v2\/tags?post=120465"}],"curies":[{"name":"wp","href":"https:\/\/api.w.org\/{rel}","templated":true}]}}