{"id":120462,"date":"2024-09-23T11:36:26","date_gmt":"2024-09-23T14:36:26","guid":{"rendered":"https:\/\/www.actualidadadiario.com\/?p=120462"},"modified":"2024-09-23T11:36:26","modified_gmt":"2024-09-23T14:36:26","slug":"proponen-capacitacion-obligatoria-en-rcp-en-escuelas-de-entre-rios","status":"publish","type":"post","link":"https:\/\/www.actualidadadiario.com\/index.php\/2024\/09\/23\/proponen-capacitacion-obligatoria-en-rcp-en-escuelas-de-entre-rios\/","title":{"rendered":"Proponen capacitaci\u00f3n obligatoria en RCP en escuelas de Entre R\u00edos"},"content":{"rendered":"<p style=\"text-align: center;\"><em><strong>Un proyecto de ley a nivel provincial introduce la ense\u00f1anza de t\u00e9cnicas de Reanimaci\u00f3n Cardiopulmonar en todas las escuelas secundarias tanto para docentes como estudiantes<\/strong><\/em><\/p>\n<p>&nbsp;<\/p>\n<p>&nbsp;<\/p>\n<p>Un proyecto de le presentado en la C\u00e1mara de Diputados de Entre R\u00edos propone establecer la obligatoriedad de la capacitaci\u00f3n en Reanimaci\u00f3n Cardiopulmonar (RCP) para docentes, no docentes y alumnos en escuelas de la provincia, tanto de gesti\u00f3n p\u00fablica como privada.<\/p>\n<p>Deber\u00edan capacitarse todos los docentes y no docentes en actividad, independientemente del nivel educativo y de la funci\u00f3n dentro de la instituci\u00f3n; y los alumnos a partir del nivel secundario, al menos una vez durante su ciclo escolar. \u201cEl certificado de la capacitaci\u00f3n ser\u00e1 requisito para el ejercicio de la docencia y para la promoci\u00f3n de los alumnos en el nivel secundario\u201d, menciona el proyecto.<\/p>\n<p>La capacitaci\u00f3n deber\u00e1 incluir la identificaci\u00f3n de una emergencia card\u00edaca o respiratoria; t\u00e9cnicas b\u00e1sicas de reanimaci\u00f3n cardiopulmonar, tanto para adultos como para ni\u00f1os; el uso del desfibrilador \u201csi el establecimiento cuenta con uno\u201d. En caso contrario, el proyecto ordena que se ense\u00f1e la teor\u00eda del uso a trav\u00e9s de material audiovisual, impreso o simulaciones con dispositivos.<\/p>\n<p>La capacitaci\u00f3n deber\u00e1 ser renovada al menos cada dos a\u00f1os.<\/p>\n<p>Las autoridades de aplicaci\u00f3n de la ley ser\u00e1n el Ministerio de Salud, la Secretar\u00eda de Deporte y el Consejo General de Educaci\u00f3n.<\/p>\n<p>De aprobarse en la Legislatura, el Poder Ejecutivo deber\u00eda reglamentar la ley en un m\u00e1ximo de 90 d\u00edas de su promulgaci\u00f3n en el Bolet\u00edn Oficial, establece por \u00faltimo el proyecto de la diputada Liliana Salinas.<\/p>\n","protected":false},"excerpt":{"rendered":"<p>Un proyecto de ley a nivel provincial introduce la ense\u00f1anza de t\u00e9cnicas de Reanimaci\u00f3n Cardiopulmonar en todas las escuelas secundarias tanto para docentes como estudiantes &nbsp; &nbsp; Un proyecto de le presentado en la C\u00e1mara de Diputados de Entre R\u00edos propone establecer la obligatoriedad de la capacitaci\u00f3n en Reanimaci\u00f3n Cardiopulmonar (RCP) para docentes, no docentes y alumnos en escuelas de la provincia, tanto de gesti\u00f3n p\u00fablica como privada. Deber\u00edan capacitarse todos los docentes y no docentes en actividad, independientemente del nivel educativo y de la funci\u00f3n dentro de la instituci\u00f3n;&#8230;<\/p>\n","protected":false},"author":3,"featured_media":120463,"comment_status":"closed","ping_status":"closed","sticky":false,"template":"","format":"standard","meta":[],"categories":[15],"tags":[],"_links":{"self":[{"href":"https:\/\/www.actualidadadiario.com\/index.php\/wp-json\/wp\/v2\/posts\/120462"}],"collection":[{"href":"https:\/\/www.actualidadadiario.com\/index.php\/wp-json\/wp\/v2\/posts"}],"about":[{"href":"https:\/\/www.actualidadadiario.com\/index.php\/wp-json\/wp\/v2\/types\/post"}],"author":[{"embeddable":true,"href":"https:\/\/www.actualidadadiario.com\/index.php\/wp-json\/wp\/v2\/users\/3"}],"replies":[{"embeddable":true,"href":"https:\/\/www.actualidadadiario.com\/index.php\/wp-json\/wp\/v2\/comments?post=120462"}],"version-history":[{"count":1,"href":"https:\/\/www.actualidadadiario.com\/index.php\/wp-json\/wp\/v2\/posts\/120462\/revisions"}],"predecessor-version":[{"id":120464,"href":"https:\/\/www.actualidadadiario.com\/index.php\/wp-json\/wp\/v2\/posts\/120462\/revisions\/120464"}],"wp:featuredmedia":[{"embeddable":true,"href":"https:\/\/www.actualidadadiario.com\/index.php\/wp-json\/wp\/v2\/media\/120463"}],"wp:attachment":[{"href":"https:\/\/www.actualidadadiario.com\/index.php\/wp-json\/wp\/v2\/media?parent=120462"}],"wp:term":[{"taxonomy":"category","embeddable":true,"href":"https:\/\/www.actualidadadiario.com\/index.php\/wp-json\/wp\/v2\/categories?post=120462"},{"taxonomy":"post_tag","embeddable":true,"href":"https:\/\/www.actualidadadiario.com\/index.php\/wp-json\/wp\/v2\/tags?post=120462"}],"curies":[{"name":"wp","href":"https:\/\/api.w.org\/{rel}","templated":true}]}}