{"id":12045,"date":"2017-05-24T09:15:33","date_gmt":"2017-05-24T12:15:33","guid":{"rendered":"http:\/\/actualidadadiario.com\/site\/?p=12045"},"modified":"2017-05-24T09:15:33","modified_gmt":"2017-05-24T12:15:33","slug":"casi-500-ninos-celebraron-el-dia-de-los-jardines-de-infantes-en-la-plaza-mansilla","status":"publish","type":"post","link":"https:\/\/www.actualidadadiario.com\/index.php\/2017\/05\/24\/casi-500-ninos-celebraron-el-dia-de-los-jardines-de-infantes-en-la-plaza-mansilla\/","title":{"rendered":"Casi 500 ni\u00f1os celebraron el D\u00eda de los Jardines de Infantes en la Plaza Mansilla"},"content":{"rendered":"<p><em><strong>Cerca de 500 ni\u00f1os jugaron, bailaron, pintaron y aprendieron este martes en la Plaza Mansilla en la conmemoraci\u00f3n que organiz\u00f3 el gobierno entrerriano por el D\u00eda Nacional de los Jardines de Infantes. A partir de un trabajo articulado, diversas \u00e1reas provinciales ofrecieron espacios y propuestas en la que se promovi\u00f3 lo l\u00fadico, el descubrimiento y la cooperaci\u00f3n. El vicegobernador, Ad\u00e1n Humberto Bahl, funcionarios, estuvieron presentes y celebraron con ni\u00f1os, docentes y p\u00fablico en general<\/strong><\/em><\/p>\n<p>&nbsp;<\/p>\n<p>&nbsp;<\/p>\n<p>&nbsp;<\/p>\n<p>Junto a Bahl, estuvieron el presidente del Consejo General de Educaci\u00f3n, Jos\u00e9 Luis Panozzo; la ministra de Desarrollo Social, Laura Stratta; el secretario General de la Gobernaci\u00f3n, Edgardo Kueider; la titular del Instituto Becario Provincial, Mayda Cresto y el asesor Cultural Itinerante del gobierno provincial, Roberto Romani.<\/p>\n<p>&nbsp;<\/p>\n<p>El vicegobernador Ad\u00e1n Humberto Bahl sostuvo que \u201cel gobierno organiz\u00f3 distintas acciones para celebrar el d\u00eda de los jardines de infantes \u2013que es el 28 de mayo- , para celebrar y reconocer el trabajo que realizan los docentes del nivel inicial\u201d. Y agreg\u00f3: \u201cAcompa\u00f1amos esta actividad, coordinada por Mariel \u00c1vila, la esposa de nuestro gobernador, en la que participan distintos organismos del Estado, con propuestas pensadas para los chicos de nivel inicial\u201d.<\/p>\n<p>&nbsp;<\/p>\n<p>\u201cEsta Plaza para los ni\u00f1os, es una manera de celebrar la educaci\u00f3n, lo cual tambi\u00e9n es importante en estos d\u00edas en que dimos un paso importante, ratificando, el gobierno y los docentes, nuestro compromiso de trabajar juntos por una mejor educaci\u00f3n p\u00fablica en la provincia\u201d, finaliz\u00f3 Bahl.<\/p>\n<p>&nbsp;<\/p>\n<p>Por su parte, el presidente del Consejo General de Educaci\u00f3n, Jos\u00e9 Luis Panozzo, dijo que \u201cla fiesta en la Plaza Mansilla es una vidriera del potencial que tenemos en la provincia de Entre R\u00edos, una muestra de que si trabajamos de manera articulada, el Copnaf, el Iprodi, Desarrollo Social, la Direcci\u00f3n Provincial de Vialidad y el Consejo General de Educaci\u00f3n, marcamos una pol\u00edtica educativa. La Educaci\u00f3n no es s\u00f3lo responsabilidad del Consejo de Educaci\u00f3n, se ve claramente en el ejemplo de la seguridad vial como m\u00faltiples organismos pueden abordar el mismo tema atendiendo a objetivo compartido y primordialmente a la primera infancia. Tambi\u00e9n tratando de realizar una alianza estrat\u00e9gica: primera infancia, educaci\u00f3n y familia, para poder pensar en virtud del presente en un futuro con valores como se han trabajado durante toda la ma\u00f1ana\u201d.<\/p>\n<p>&nbsp;<\/p>\n<p>\u201cEsta ha sido una actividad integradora que nos permiti\u00f3 visualizar lo que tenemos. Porque adem\u00e1s, lo que hoy se plasm\u00f3 en la Plaza Mansilla, se est\u00e1 dando a lo largo y a lo ancho de toda la provincia en recordaci\u00f3n y homenaje a Rosario Vera Pe\u00f1aloza y en el marco de la semana de los Jardines de Infantes. Con esta acci\u00f3n queremos destacar adem\u00e1s dos aspectos centrales en el proceso educativo, la Formaci\u00f3n Superior, de los futuros docentes y el Nivel Inicial como semillero y futuro de nuestro pa\u00eds&#8221;.<\/p>\n<p>&nbsp;<\/p>\n<p>Por otra parte, la directora de Educaci\u00f3n Inicial del Consejo General de Educaci\u00f3n, Marta Muchutti, dijo que &#8220;todo lo que hacemos en materia de educaci\u00f3n lo hacemos pensando en esta primera infancia&#8221; y precis\u00f3 que &#8220;todas las actividades tuvieron car\u00e1cter educativo, pero en el entorno de nuestras did\u00e1cticas que tienen que ver con lo l\u00fadico, la pregunta, del descubrimiento, de la cooperaci\u00f3n y del aprender vivir juntos&#8221;.<\/p>\n<p>&nbsp;<\/p>\n<p>&#8220;Quisimos mostrar lo que est\u00e1 ocurriendo en toda la provincia porque el 28 de mayo se instituye como D\u00eda Nacional de los Jardines y es un pretexto para mostrar mucho m\u00e1s que eso&#8221;, subray\u00f3.<\/p>\n<p>&nbsp;<\/p>\n<p>&nbsp;<\/p>\n<p><strong>Actividades <\/strong><\/p>\n<p>Los ni\u00f1os disfrutaron y aprendieron en torno a 10 talleres rotativos y simult\u00e1neos, una obra de teatro y un cierre art\u00edstico a cargo de la Banda Infanto Juvenil. Los temas abordados a trav\u00e9s del juego y el arte con los m\u00e1s chiquitos tuvieron que ver con la expresi\u00f3n corporal y la psicomotricidad, la educaci\u00f3n vial (Parque Vial con circuito, rodados que utilizaron en la pista y cascos de seguridad), lectura y cuentos, m\u00fasica, pintura (Pintando un camino de Amor), juegos cooperativos, baile, telas. Cada espacio fue coordinado por referentes del Consejo General de Educaci\u00f3n y la Direcci\u00f3n Provincial de Vialidad.<\/p>\n<p>&nbsp;<\/p>\n<p>Los chicos recibieron como presente por su d\u00eda, bufandas de colores y parag\u00fcitas. Cabe destacar que todo el material utilizado, las telas que ornamentaron la jornada, al igual que los atriles que se utilizaron para pintar, ser\u00e1 distribuido a las Unidades Educativas de la Provincia.<\/p>\n<p>&nbsp;<\/p>\n<p>Desde el Consejo Provincial del Ni\u00f1o, el Adolescente y la Familia (Copnaf) se particip\u00f3 con los stands de juegos did\u00e1cticos y actividades recreativas de los Programas provinciales Por mis derechos en la Primera Infancia y el Programa de Deportes, dependientes de la Coordinaci\u00f3n de Pol\u00edticas Integrales del Copnaf.<\/p>\n<p>&nbsp;<\/p>\n<p>&nbsp;<\/p>\n<p><strong>Reconocimiento <\/strong><\/p>\n<p>El D\u00eda de los Jardines de Infantes y de los docentes de Nivel Inicial fue instituido por la tradici\u00f3n que viene de la mano del reconocimiento de la figura de Rosario Vera Pe\u00f1aloza, por Ley Nacional N\u00ba 27.059 del a\u00f1o 2015 y Resoluci\u00f3n 4400\/16 CGE.<\/p>\n<p>&nbsp;<\/p>\n<p>A Rosario Vera Pe\u00f1aloza se la recuerda y reconoce por ser docente, pedagoga, educacionista, mujer-luchadora, maestra de la Patria. Sus principios, lejos de la banalizaci\u00f3n o la infantilizaci\u00f3n de la tarea docente asociada a la ni\u00f1ez, tienen que ver con el coraje de pensar un proyecto \u00fanico en una \u00e9poca de cambios sociales y culturales profundos, un modelo organizacional inspirado en los valores democr\u00e1ticos y la vida p\u00fablica de una Naci\u00f3n. Rendirle tributo reactualiza las preguntas fundamentales, la directora de Educaci\u00f3n Inicial, Marta Muchiutti reflexion\u00f3 al respecto.<\/p>\n<p>&nbsp;<\/p>\n<p>El jard\u00edn de infantes surge como instituci\u00f3n de car\u00e1cter educativo dentro del texto de la Ley 1.420 en el a\u00f1o 1884. De esta forma, se instaura como un modelo pedag\u00f3gico espec\u00edfico para brindar educaci\u00f3n a los ni\u00f1os m\u00e1s peque\u00f1os. Este modelo implica formaci\u00f3n espec\u00edfica, equipamiento, materiales adecuados y dise\u00f1o de espacios y ambientes. A partir de la sanci\u00f3n de la Ley de Educaci\u00f3n Nacional N\u00ba 26.206 la Educaci\u00f3n Inicial se constituye como una unidad pedag\u00f3gica en s\u00ed, que abarca a todos los ni\u00f1os y ni\u00f1as desde los 45 d\u00edas a los 5 a\u00f1os de edad.<\/p>\n<p>&nbsp;<\/p>\n<p>As\u00ed las cosas, pareciera que el tiempo ha pasado y los cambios introducidos en el sistema van de la mano de las transformaciones sociales. Sin embargo, en la actualidad la efem\u00e9ride de Pe\u00f1aloza anclada a la fiesta de los Jardines y al reconocimiento de la labor de los docentes del campo, convoca a retomar las preguntas fundamentales.<\/p>\n","protected":false},"excerpt":{"rendered":"<p>Cerca de 500 ni\u00f1os jugaron, bailaron, pintaron y aprendieron este martes en la Plaza Mansilla en la conmemoraci\u00f3n que organiz\u00f3 el gobierno entrerriano por el D\u00eda Nacional de los Jardines de Infantes. A partir de un trabajo articulado, diversas \u00e1reas provinciales ofrecieron espacios y propuestas en la que se promovi\u00f3 lo l\u00fadico, el descubrimiento y la cooperaci\u00f3n. El vicegobernador, Ad\u00e1n Humberto Bahl, funcionarios, estuvieron presentes y celebraron con ni\u00f1os, docentes y p\u00fablico en general &nbsp; &nbsp; &nbsp; Junto a Bahl, estuvieron el presidente del Consejo General de Educaci\u00f3n, Jos\u00e9 Luis&#8230;<\/p>\n","protected":false},"author":3,"featured_media":12046,"comment_status":"closed","ping_status":"closed","sticky":false,"template":"","format":"standard","meta":[],"categories":[9],"tags":[],"_links":{"self":[{"href":"https:\/\/www.actualidadadiario.com\/index.php\/wp-json\/wp\/v2\/posts\/12045"}],"collection":[{"href":"https:\/\/www.actualidadadiario.com\/index.php\/wp-json\/wp\/v2\/posts"}],"about":[{"href":"https:\/\/www.actualidadadiario.com\/index.php\/wp-json\/wp\/v2\/types\/post"}],"author":[{"embeddable":true,"href":"https:\/\/www.actualidadadiario.com\/index.php\/wp-json\/wp\/v2\/users\/3"}],"replies":[{"embeddable":true,"href":"https:\/\/www.actualidadadiario.com\/index.php\/wp-json\/wp\/v2\/comments?post=12045"}],"version-history":[{"count":1,"href":"https:\/\/www.actualidadadiario.com\/index.php\/wp-json\/wp\/v2\/posts\/12045\/revisions"}],"predecessor-version":[{"id":12047,"href":"https:\/\/www.actualidadadiario.com\/index.php\/wp-json\/wp\/v2\/posts\/12045\/revisions\/12047"}],"wp:featuredmedia":[{"embeddable":true,"href":"https:\/\/www.actualidadadiario.com\/index.php\/wp-json\/wp\/v2\/media\/12046"}],"wp:attachment":[{"href":"https:\/\/www.actualidadadiario.com\/index.php\/wp-json\/wp\/v2\/media?parent=12045"}],"wp:term":[{"taxonomy":"category","embeddable":true,"href":"https:\/\/www.actualidadadiario.com\/index.php\/wp-json\/wp\/v2\/categories?post=12045"},{"taxonomy":"post_tag","embeddable":true,"href":"https:\/\/www.actualidadadiario.com\/index.php\/wp-json\/wp\/v2\/tags?post=12045"}],"curies":[{"name":"wp","href":"https:\/\/api.w.org\/{rel}","templated":true}]}}