{"id":120444,"date":"2024-09-20T15:12:05","date_gmt":"2024-09-20T18:12:05","guid":{"rendered":"https:\/\/www.actualidadadiario.com\/?p=120444"},"modified":"2024-09-20T15:12:05","modified_gmt":"2024-09-20T18:12:05","slug":"100-dias-sin-loan-y-la-investigacion-sigue-sin-encontrar-rastros-del-nino","status":"publish","type":"post","link":"https:\/\/www.actualidadadiario.com\/index.php\/2024\/09\/20\/100-dias-sin-loan-y-la-investigacion-sigue-sin-encontrar-rastros-del-nino\/","title":{"rendered":"100 d\u00edas sin Loan y la investigaci\u00f3n sigue sin encontrar rastros del ni\u00f1o"},"content":{"rendered":"<p style=\"text-align: center;\"><em><strong>Los \u00faltimos trascendidos se\u00f1alan el v\u00ednculo personal que Camila, una de las primas, tendr\u00eda con Carlos P\u00e9rez, quien es se\u00f1alado como una de las personas de inter\u00e9s en la causa<\/strong><\/em><\/p>\n<p>&nbsp;<\/p>\n<p>&nbsp;<\/p>\n<p>Loan Danilo Pe\u00f1a desapareci\u00f3 el pasado 13 de junio y a\u00fan siguen sin conocerse datos certeros acerca de su paradero. Los \u00faltimos trascendidos se\u00f1alan el v\u00ednculo personal que Camila, una de las primas de Loan, tendr\u00eda con Carlos P\u00e9rez, quien es se\u00f1alado como una de las personas de inter\u00e9s en la causa. Aunque todav\u00eda no se confirm\u00f3 su relaci\u00f3n con P\u00e9rez, los investigadores consideran la posibilidad de que Camila sea una pieza clave para tener alguna pista sobre el paradero de Loan.<\/p>\n<p>Los primeros detenidos que tuvo la causa fueron Antonio Ben\u00edtez, M\u00f3nica del Carmen Millapi y Daniel \u201cFierrito\u201d Ram\u00edrez, quienes acompa\u00f1aron al chico al naranjal. Luego de cinco d\u00edas, Carlos P\u00e9rez y Victoria Caillava tambi\u00e9n quedaron presos. Adem\u00e1s, del jefe de la comisar\u00eda local, Walter Maciel.\u00a0 La \u00faltima arrestada fue Laudelina Pe\u00f1a, t\u00eda de Loan y pareja de Ben\u00edtez.<\/p>\n<p>&nbsp;<\/p>\n<p><strong>\u00bfD\u00f3nde est\u00e1 Loan?<\/strong><\/p>\n<p>Por otro lado, en la causa tomada por la jueza Cristina Pozzer Penzo, detuvieron a otras nueve personas y se investiga si buscaron utilizar la vulnerabilidad de la familia de Loan para perjudicar la investigaci\u00f3n. Pozzer Penzo tiene a 16 personas bajo la lupa, varias causas abiertas y numerosas testimoniales, todav\u00eda la Justicia no sabe qu\u00e9 pas\u00f3.<\/p>\n<p>Por el momento, P\u00e9rez di\u00f3 sus declaraciones pero han sido ambiguas, lo que ha generado a\u00fan m\u00e1s interrogantes. Sin embargo, los fiscales del caso han indicado nuevas pruebas que est\u00e1n siendo evaluadas, incluyendo mensajes y llamadas entre ambos, que podr\u00edan ofrecer pistas sobre la desaparici\u00f3n de Loan.<\/p>\n<p>En estos 100 d\u00edas, la familia de ni\u00f1o desaparecido ha sido el rostro visible de la lucha por su aparici\u00f3n. En cada oportunidad, han exigido a las autoridades acelerar el proceso de investigaci\u00f3n y no dejar ning\u00fan cabo suelto. Asimismo, el padre realiz\u00f3 una marcha para generar visibilidad y darle respuesta a los medios porte\u00f1os.<\/p>\n","protected":false},"excerpt":{"rendered":"<p>Los \u00faltimos trascendidos se\u00f1alan el v\u00ednculo personal que Camila, una de las primas, tendr\u00eda con Carlos P\u00e9rez, quien es se\u00f1alado como una de las personas de inter\u00e9s en la causa &nbsp; &nbsp; Loan Danilo Pe\u00f1a desapareci\u00f3 el pasado 13 de junio y a\u00fan siguen sin conocerse datos certeros acerca de su paradero. Los \u00faltimos trascendidos se\u00f1alan el v\u00ednculo personal que Camila, una de las primas de Loan, tendr\u00eda con Carlos P\u00e9rez, quien es se\u00f1alado como una de las personas de inter\u00e9s en la causa. Aunque todav\u00eda no se confirm\u00f3 su&#8230;<\/p>\n","protected":false},"author":3,"featured_media":116641,"comment_status":"closed","ping_status":"closed","sticky":false,"template":"","format":"standard","meta":[],"categories":[4],"tags":[],"_links":{"self":[{"href":"https:\/\/www.actualidadadiario.com\/index.php\/wp-json\/wp\/v2\/posts\/120444"}],"collection":[{"href":"https:\/\/www.actualidadadiario.com\/index.php\/wp-json\/wp\/v2\/posts"}],"about":[{"href":"https:\/\/www.actualidadadiario.com\/index.php\/wp-json\/wp\/v2\/types\/post"}],"author":[{"embeddable":true,"href":"https:\/\/www.actualidadadiario.com\/index.php\/wp-json\/wp\/v2\/users\/3"}],"replies":[{"embeddable":true,"href":"https:\/\/www.actualidadadiario.com\/index.php\/wp-json\/wp\/v2\/comments?post=120444"}],"version-history":[{"count":1,"href":"https:\/\/www.actualidadadiario.com\/index.php\/wp-json\/wp\/v2\/posts\/120444\/revisions"}],"predecessor-version":[{"id":120445,"href":"https:\/\/www.actualidadadiario.com\/index.php\/wp-json\/wp\/v2\/posts\/120444\/revisions\/120445"}],"wp:featuredmedia":[{"embeddable":true,"href":"https:\/\/www.actualidadadiario.com\/index.php\/wp-json\/wp\/v2\/media\/116641"}],"wp:attachment":[{"href":"https:\/\/www.actualidadadiario.com\/index.php\/wp-json\/wp\/v2\/media?parent=120444"}],"wp:term":[{"taxonomy":"category","embeddable":true,"href":"https:\/\/www.actualidadadiario.com\/index.php\/wp-json\/wp\/v2\/categories?post=120444"},{"taxonomy":"post_tag","embeddable":true,"href":"https:\/\/www.actualidadadiario.com\/index.php\/wp-json\/wp\/v2\/tags?post=120444"}],"curies":[{"name":"wp","href":"https:\/\/api.w.org\/{rel}","templated":true}]}}