{"id":120438,"date":"2024-09-20T13:50:44","date_gmt":"2024-09-20T16:50:44","guid":{"rendered":"https:\/\/www.actualidadadiario.com\/?p=120438"},"modified":"2024-09-20T13:50:44","modified_gmt":"2024-09-20T16:50:44","slug":"el-gobierno-evito-confrontar-con-el-papa-francisco-respetamos-su-opinion-no-la-compartimos","status":"publish","type":"post","link":"https:\/\/www.actualidadadiario.com\/index.php\/2024\/09\/20\/el-gobierno-evito-confrontar-con-el-papa-francisco-respetamos-su-opinion-no-la-compartimos\/","title":{"rendered":"El Gobierno evit\u00f3 confrontar con el papa Francisco: &#8220;Respetamos su opini\u00f3n, no la compartimos&#8221;"},"content":{"rendered":"<p style=\"text-align: center;\"><em><strong>Manuel Adorni, vocero presidencial, se refiri\u00f3 a los dichos de Francisco sobre la represi\u00f3n que llev\u00f3 a cabo el Gobierno a la protesta en Congreso por las jubilaciones. Adem\u00e1s, se refiri\u00f3 al hecho de corrupci\u00f3n denunciado por el Sumo Pont\u00edfice<\/strong><\/em><\/p>\n<p>&nbsp;<\/p>\n<p>&nbsp;<\/p>\n<p>El vocero presidencial Manuel Adorni respondi\u00f3 a las cr\u00edticas del papa Francisco quien cuestion\u00f3 la represi\u00f3n contra los jubilados. &#8220;No pensamos igual en todos los temas&#8221;, dijo el funcionario y recalc\u00f3 que la relaci\u00f3n con el Vaticano es muy buena.<\/p>\n<p>&#8220;La relaci\u00f3n con el Papa ha sido siempre muy buena al punto de la visita de la ministra fue una invitaci\u00f3n que le hace el Papa&#8221;, explic\u00f3 Adorni. &#8220;La relaci\u00f3n con el Papa es fant\u00e1stica lo que lo quita aceptar las diferencias y que no pensamos igual en todos los temas&#8221;, complet\u00f3.<\/p>\n<p>En su habitual conferencia de prensa, Adorni se refiri\u00f3 a los dichos del m\u00e1ximo representante de la Iglesia Cat\u00f3lica. En la ma\u00f1ana de este viernes, el Sumo Pont\u00edfice critic\u00f3 la represi\u00f3n contra los jubilados llevada a cabo por el gobierno argentino y cuestion\u00f3 la realidad social y econ\u00f3mica del pa\u00eds.<\/p>\n<p>&#8220;Es la opini\u00f3n del papa la cual nosotros respetamos, escuchamos y hasta reflexionamos, pero no tenemos por qu\u00e9 compartir la visi\u00f3n que tiene sobre algunas cuestiones. Pero el respeto es total sobre lo que pueda decir el papa sobre cualquier cosa&#8221;, detall\u00f3 el vocero.<\/p>\n<p>Durante la conferencia, Adorni asegur\u00f3 que la relaci\u00f3n con el Papa era &#8220;muy buena&#8221; y cit\u00f3 como ejemplo la reuni\u00f3n que mantuvo el argentino con la ministra Sandra Pettovello el pasado lunes. A pesar del buen v\u00ednculo que refiere, el vocero tambi\u00e9n destac\u00f3 que esto &#8220;no quita que empecemos a aceptar las diferencias&#8221; y hasta explic\u00f3 que dentro de La Libertad Avanza opinan distinto: &#8220;de todas maneras de eso pueden salir cosas buenas&#8221;, sentenci\u00f3.<\/p>\n<p>M\u00e1s all\u00e1 de criticar &#8211; sin nombrarla &#8211; el accionar del protocolo llevado a cabo por la ministra de Seguridad, Patricia Bullrich, Francisco dej\u00f3 una frase muy impactante durante su discurso en el Dicasterio para el Desarrollo Humano Integral. Durante su alocuci\u00f3n, el argentino relat\u00f3 que un empresario extranjero le confes\u00f3 como un funcionario argentino le solicit\u00f3 una &#8220;coima&#8221; a cambio de un proyecto de inversi\u00f3n en el pa\u00eds.<\/p>\n<p>&#8220;Fue a presentar al ministro un nuevo plan de nuevas extensiones, el ministro lo atendi\u00f3 muy bien y dijo \u2018dejemel\u00f3, ya lo van a llamar. Al d\u00eda siguiente, el secretario del ministro lo llam\u00f3, le dijo si puede pasar \u2018en dos d\u00edas, as\u00ed le entregamos el permiso\u2019. Pas\u00f3, le entreg\u00f3 los papeles y la firma&#8230;y cuando \u00e9l (el emprendedor) se estaba por levantar, le dijo: \u00bfy para nosotros, cu\u00e1nto?&#8230; \u00bfY para nosotros, cu\u00e1nto? La coima. El diablo entra por el bolsillo, no se olviden\u201d, denunci\u00f3 Francisco.<\/p>\n<p>Ante esto, Adorni evit\u00f3 ahondar en el tema y deriv\u00f3 r\u00e1pidamente el tema a la Justicia: &#8220;Entiendo que si la Justicia lo investigar\u00e1 si as\u00ed lo considera, pero no s\u00e9 de donde viene el comentario. Claramente si hay un hecho que haya que investigar, se va a investigar&#8221;.<\/p>\n<p>&nbsp;<\/p>\n<p><strong>La cr\u00edtica del papa Francisco a la represi\u00f3n del Gobierno<\/strong><\/p>\n<p>El evento donde disert\u00f3 el papa Francisco se llev\u00f3 a cabo por la ma\u00f1ana argentina en el Dicasterio para el Desarrollo Humano Integral. All\u00ed, numerosos integrantes de Movimientos Populares &#8211; entre los que se encontraba el dirigente Juan Grabois -, se reunieron para escuchar las palabras del argentino.<\/p>\n<p>Si bien Francisco nunca nombr\u00f3 directamente al gobierno de Javier Milei, si hizo alusi\u00f3n a una represi\u00f3n que ocurri\u00f3 &#8221; hace una semana&#8221;. Francisco relat\u00f3: &#8220;me hicieron ver una represi\u00f3n, hace una semana o un poco menos. Obreros, gente que ped\u00eda por sus derechos en la calle. Y la Polic\u00eda la rechazaba con una cosa que es lo m\u00e1s caro que hay, ese gas pimienta de primera calidad&#8221;<\/p>\n<p>Cabe destacar que el gobierno nacional reprimi\u00f3 una manifestaci\u00f3n, el mi\u00e9rcoles 11 de septiembre, que se mostr\u00f3 en contra del veto presidencial a la reforma jubilatoria. En esta l\u00ednea, el l\u00edder de la Iglesia cat\u00f3lica critic\u00f3: &#8220;Y no ten\u00edan derecho a reclamar lo suyo, porque eran revoltosos, comunistas, no, no. El Gobierno se puso firme y en vez de pagar la justicia social pag\u00f3 el gas pimienta, le conven\u00eda. T\u00e9nganlo en cuenta eso\u201d, asegur\u00f3.<\/p>\n","protected":false},"excerpt":{"rendered":"<p>Manuel Adorni, vocero presidencial, se refiri\u00f3 a los dichos de Francisco sobre la represi\u00f3n que llev\u00f3 a cabo el Gobierno a la protesta en Congreso por las jubilaciones. Adem\u00e1s, se refiri\u00f3 al hecho de corrupci\u00f3n denunciado por el Sumo Pont\u00edfice &nbsp; &nbsp; El vocero presidencial Manuel Adorni respondi\u00f3 a las cr\u00edticas del papa Francisco quien cuestion\u00f3 la represi\u00f3n contra los jubilados. &#8220;No pensamos igual en todos los temas&#8221;, dijo el funcionario y recalc\u00f3 que la relaci\u00f3n con el Vaticano es muy buena. &#8220;La relaci\u00f3n con el Papa ha sido siempre&#8230;<\/p>\n","protected":false},"author":3,"featured_media":120439,"comment_status":"closed","ping_status":"closed","sticky":false,"template":"","format":"standard","meta":[],"categories":[18],"tags":[],"_links":{"self":[{"href":"https:\/\/www.actualidadadiario.com\/index.php\/wp-json\/wp\/v2\/posts\/120438"}],"collection":[{"href":"https:\/\/www.actualidadadiario.com\/index.php\/wp-json\/wp\/v2\/posts"}],"about":[{"href":"https:\/\/www.actualidadadiario.com\/index.php\/wp-json\/wp\/v2\/types\/post"}],"author":[{"embeddable":true,"href":"https:\/\/www.actualidadadiario.com\/index.php\/wp-json\/wp\/v2\/users\/3"}],"replies":[{"embeddable":true,"href":"https:\/\/www.actualidadadiario.com\/index.php\/wp-json\/wp\/v2\/comments?post=120438"}],"version-history":[{"count":1,"href":"https:\/\/www.actualidadadiario.com\/index.php\/wp-json\/wp\/v2\/posts\/120438\/revisions"}],"predecessor-version":[{"id":120440,"href":"https:\/\/www.actualidadadiario.com\/index.php\/wp-json\/wp\/v2\/posts\/120438\/revisions\/120440"}],"wp:featuredmedia":[{"embeddable":true,"href":"https:\/\/www.actualidadadiario.com\/index.php\/wp-json\/wp\/v2\/media\/120439"}],"wp:attachment":[{"href":"https:\/\/www.actualidadadiario.com\/index.php\/wp-json\/wp\/v2\/media?parent=120438"}],"wp:term":[{"taxonomy":"category","embeddable":true,"href":"https:\/\/www.actualidadadiario.com\/index.php\/wp-json\/wp\/v2\/categories?post=120438"},{"taxonomy":"post_tag","embeddable":true,"href":"https:\/\/www.actualidadadiario.com\/index.php\/wp-json\/wp\/v2\/tags?post=120438"}],"curies":[{"name":"wp","href":"https:\/\/api.w.org\/{rel}","templated":true}]}}