{"id":120433,"date":"2024-09-20T12:10:50","date_gmt":"2024-09-20T15:10:50","guid":{"rendered":"https:\/\/www.actualidadadiario.com\/?p=120433"},"modified":"2024-09-20T12:10:50","modified_gmt":"2024-09-20T15:10:50","slug":"la-libertad-avanza-le-organiza-su-primer-acto-partidario-a-milei-desde-que-es-presidente","status":"publish","type":"post","link":"https:\/\/www.actualidadadiario.com\/index.php\/2024\/09\/20\/la-libertad-avanza-le-organiza-su-primer-acto-partidario-a-milei-desde-que-es-presidente\/","title":{"rendered":"La Libertad Avanza le organiza su primer acto partidario a Milei desde que es Presidente"},"content":{"rendered":"<p style=\"text-align: center;\"><em><strong>El mandatario encabezar\u00e1 el lanzamiento del sello partidario de su espacio, que tendr\u00e1 lugar el s\u00e1bado 28 de septiembre en el Parque Lezama, en el barrio porte\u00f1o de San Telmo. El evento fue anunciado luego de la confirmaci\u00f3n de la personer\u00eda jur\u00eddica alcanzada por los libertarios en la provincia de Buenos Aires<\/strong><\/em><\/p>\n<p>&nbsp;<\/p>\n<p>&nbsp;<\/p>\n<p>Con el 2025 acerc\u00e1ndose a pasos agigantados, Javier Milei intenta volver a insuflarle m\u00edstica a su espacio pol\u00edtico de cara a las elecciones de medio t\u00e9rmino. La Libertad Avanza realizar\u00e1 un acto el s\u00e1bado 28 de septiembre en el Parque Lezama, en el barrio porte\u00f1o de San Telmo, en el marco del lanzamiento de su sello partidario a nivel nacional. Se trata de un punto m\u00e1s que simb\u00f3lico para la historia de la fuerza libertaria: es all\u00ed donde se realizaron los cierres de campa\u00f1a de Milei en 2021, a\u00f1o en que el economista comenz\u00f3 a perfilarse como la revelaci\u00f3n de la pol\u00edtica argentina.<\/p>\n<p>El de la semana que viene ser\u00e1 el primer acto netamente partidario del que participe Milei desde el comienzo de su mandato, unos pocos d\u00edas despu\u00e9s de su primer discurso ante la Asamblea General de la ONU en Nueva York. La idea original era realizarlo en agosto, en alg\u00fan punto de la provincia de Buenos Aires, con el diputado Jos\u00e9 Luis Espert como uno de los oradores. Sin embargo, los estrategas de la Casa Rosada decidieron suspender esa convocatoria para \u201cno desviar\u201d el foco del esc\u00e1ndalo por las denuncias de Fabiola Y\u00e1\u00f1ez contra el expresidente Alberto Fern\u00e1ndez.<\/p>\n<p>La elecci\u00f3n del Parque Lezama como sede no es casual. Los actos del 2021 marcaron un hito en La Libertad Avanza, en tiempos en los que su estructura todav\u00eda era incipiente y muy pocos imaginaban la posibilidad de que Milei se sentara alg\u00fan d\u00eda en el sill\u00f3n de Rivadavia. Aquellos eventos congregaron adem\u00e1s a una importante cantidad de seguidores autoconvocados. Ahora, en cambio, el mensaje difundido internamente entre las filas libertarias bonaerenses pide el \u201ccompromiso\u201d de movilizar 15.000 personas y aclara la necesidad de que sea \u201ccon micros, en forma organizada y no en forma individual\u201d.<\/p>\n<p>\u201cEs ese el lugar, no hay otro\u201d, dejaban trascender ayer cerca de Sebasti\u00e1n Pareja, el referente del armado en territorio bonaerense. Es que el anticipo del evento coincidi\u00f3 adem\u00e1s con otra noticia de relevancia: el reconocimiento por parte de la justicia electoral de La Libertad Avanza como partido pol\u00edtico en la provincia de Buenos Aires. El juez federal con competencia electoral Alejo Ramos Padilla otorg\u00f3 personer\u00eda jur\u00eddica al espacio libertario, que tendr\u00e1 \u201cderecho exclusivo al nombre\u201d en el distrito gobernado por Axel Kicillof. Un paso clave para la estrategia electoral comandada a nivel nacional por Karina Milei, que plantea esa elecci\u00f3n distrital como \u201cla madre de todas las batallas\u201d en el camino de Milei hacia lograr una mayor fuerza parlamentaria a partir de 2025.<\/p>\n<p>A comienzos de julio, Pareja y la secretaria general de la Presidencia hab\u00edan compartido un encuentro en el municipio de Mor\u00f3n, con el fin de alcanzar el n\u00famero de afiliaciones necesario para obtener el sello provincial. \u201cVamos a ser un partido nacional. Me lo he propuesto desde el d\u00eda uno y lo voy a lograr\u201d, dijo ese d\u00eda la hermana del Presidente al tomar el micr\u00f3fono, en un breve discurso y escoltada tanto por el armador bonaerense como por el titular de la C\u00e1mara de Diputados, Mart\u00edn Menem. Fue la primera vez que Karina habl\u00f3 desde un escenario en un acto partidario.<\/p>\n","protected":false},"excerpt":{"rendered":"<p>El mandatario encabezar\u00e1 el lanzamiento del sello partidario de su espacio, que tendr\u00e1 lugar el s\u00e1bado 28 de septiembre en el Parque Lezama, en el barrio porte\u00f1o de San Telmo. El evento fue anunciado luego de la confirmaci\u00f3n de la personer\u00eda jur\u00eddica alcanzada por los libertarios en la provincia de Buenos Aires &nbsp; &nbsp; Con el 2025 acerc\u00e1ndose a pasos agigantados, Javier Milei intenta volver a insuflarle m\u00edstica a su espacio pol\u00edtico de cara a las elecciones de medio t\u00e9rmino. La Libertad Avanza realizar\u00e1 un acto el s\u00e1bado 28 de&#8230;<\/p>\n","protected":false},"author":3,"featured_media":120434,"comment_status":"closed","ping_status":"closed","sticky":false,"template":"","format":"standard","meta":[],"categories":[18],"tags":[],"_links":{"self":[{"href":"https:\/\/www.actualidadadiario.com\/index.php\/wp-json\/wp\/v2\/posts\/120433"}],"collection":[{"href":"https:\/\/www.actualidadadiario.com\/index.php\/wp-json\/wp\/v2\/posts"}],"about":[{"href":"https:\/\/www.actualidadadiario.com\/index.php\/wp-json\/wp\/v2\/types\/post"}],"author":[{"embeddable":true,"href":"https:\/\/www.actualidadadiario.com\/index.php\/wp-json\/wp\/v2\/users\/3"}],"replies":[{"embeddable":true,"href":"https:\/\/www.actualidadadiario.com\/index.php\/wp-json\/wp\/v2\/comments?post=120433"}],"version-history":[{"count":1,"href":"https:\/\/www.actualidadadiario.com\/index.php\/wp-json\/wp\/v2\/posts\/120433\/revisions"}],"predecessor-version":[{"id":120435,"href":"https:\/\/www.actualidadadiario.com\/index.php\/wp-json\/wp\/v2\/posts\/120433\/revisions\/120435"}],"wp:featuredmedia":[{"embeddable":true,"href":"https:\/\/www.actualidadadiario.com\/index.php\/wp-json\/wp\/v2\/media\/120434"}],"wp:attachment":[{"href":"https:\/\/www.actualidadadiario.com\/index.php\/wp-json\/wp\/v2\/media?parent=120433"}],"wp:term":[{"taxonomy":"category","embeddable":true,"href":"https:\/\/www.actualidadadiario.com\/index.php\/wp-json\/wp\/v2\/categories?post=120433"},{"taxonomy":"post_tag","embeddable":true,"href":"https:\/\/www.actualidadadiario.com\/index.php\/wp-json\/wp\/v2\/tags?post=120433"}],"curies":[{"name":"wp","href":"https:\/\/api.w.org\/{rel}","templated":true}]}}