{"id":120431,"date":"2024-09-20T12:09:35","date_gmt":"2024-09-20T15:09:35","guid":{"rendered":"https:\/\/www.actualidadadiario.com\/?p=120431"},"modified":"2024-09-20T12:11:16","modified_gmt":"2024-09-20T15:11:16","slug":"presupuesto-2025-diputados-definio-cuando-comenzara-a-tratar-el-proyecto-a-la-espera-de-la-visita-de-funcionarios-del-gabinete-de-javier-milei","status":"publish","type":"post","link":"https:\/\/www.actualidadadiario.com\/index.php\/2024\/09\/20\/presupuesto-2025-diputados-definio-cuando-comenzara-a-tratar-el-proyecto-a-la-espera-de-la-visita-de-funcionarios-del-gabinete-de-javier-milei\/","title":{"rendered":"Presupuesto 2025: Diputados defini\u00f3 cu\u00e1ndo comenzar\u00e1 a tratar el proyecto, a la espera de la visita de funcionarios del Gabinete de Javier Milei"},"content":{"rendered":"<p style=\"text-align: center;\"><em><strong>El proyecto enviado por el Poder Ejecutivo tiene como eje central el &#8220;d\u00e9ficit cero&#8221;. La iniciativa debe atravesar una serie de etapas parlamentarias para avanzar en su discusi\u00f3n y eventual aprobaci\u00f3n<\/strong><\/em><\/p>\n<p>&nbsp;<\/p>\n<p>&nbsp;<\/p>\n<p>Despu\u00e9s de la presentaci\u00f3n del presidente Javier Milei, el camino del Presupuesto 2025 en el Congreso empieza a tomar forma. Seg\u00fan fuentes parlamentarias, las reuniones informativas para dar inicio al debate de la &#8220;ley de leyes&#8221; est\u00e1n previstas para la primera semana de octubre.<\/p>\n<p>Milei asisti\u00f3 el domingo pasado al Congreso de la Naci\u00f3n para presentar el proyecto. Como lo confirm\u00f3 el mandatario a trav\u00e9s de sus redes sociales, la presentaci\u00f3n estuvo enfocada principalmente en la regla del \u201cd\u00e9ficit cero\u201d.<\/p>\n<p>El ministro de Econom\u00eda Luis Caputo envi\u00f3 hace dos meses un anticipo del proyecto, al que ya accedieron diputados y senadores, donde plante\u00f3 los ejes principales del Presupuesto 2025.<\/p>\n<p>Presupuesto 2025: c\u00f3mo es el camino que debe atravesar el proyecto para convertirse en ley<\/p>\n<p>&nbsp;<\/p>\n<p><strong>As\u00ed es el camino completo del proyecto de Presupuesto 2025:<\/strong><\/p>\n<ul>\n<li><strong>Formulaci\u00f3n:<\/strong> es la etapa de elaboraci\u00f3n del presupuesto, que consiste en un proceso de programaci\u00f3n en funci\u00f3n de las pol\u00edticas y objetivos contemplados en el plan de gobierno.<\/li>\n<\/ul>\n<p>A trav\u00e9s de un complejo sistema normativo se van formulando anteproyectos por jurisdicciones y entidades, sobre la base de los \u201ctechos\u201d presupuestarios solicitados por cada jurisdicci\u00f3n o entidad, normas que impongan nuevas imputaciones presupuestarias, planes estrat\u00e9gicos, presupuesto preliminar, pol\u00edticas jurisdiccionales, etc., cuyo resultado final es el proyecto de ley que se presenta antes del d\u00eda 15 de septiembre del a\u00f1o anterior al ejercicio a ejecutarse.<\/p>\n<ul>\n<li><strong>Aprobaci\u00f3n:<\/strong> una vez ingresado el proyecto en la C\u00e1mara de Diputados (C\u00e1mara de origen) comienza la etapa de aprobaci\u00f3n.<\/li>\n<\/ul>\n<p>Si bien la Constituci\u00f3n Nacional solo contempla la elevaci\u00f3n por parte de la Jefatura de Gabinete de Ministros de la Naci\u00f3n, en los \u00faltimos tiempos se implement\u00f3 como una suerte de costumbre parlamentaria, recibir al Ministro de Econom\u00eda de turno quien en reuni\u00f3n de la Comisi\u00f3n de Presupuesto y Hacienda de car\u00e1cter informativo y sin debate, efect\u00faa la presentaci\u00f3n del presupuesto.<\/p>\n<p>Este a\u00f1o, por primera vez, ser\u00e1 el propio Presidente de la Naci\u00f3n el encargado de presentar el proyecto.<\/p>\n<p>Una vez presentado, por disposici\u00f3n reglamentaria, el proyecto es girado \u00fanicamente a la Comisi\u00f3n de Presupuesto y Hacienda. No obstante, suele invitarse a otras comisiones, en ocasi\u00f3n de la presencia de funcionarios de diversas \u00e1reas y que se relacionen con la tem\u00e1tica de inter\u00e9s y competencia de aquellas.<\/p>\n<p>En raz\u00f3n de la complejidad e importancia del proyecto en s\u00ed, los pedidos de reforma o modificaci\u00f3n del proyecto, independientemente de los debates que puedan prestarse, se suelen solicitar por escrito, mediante notas presentadas ante la Presidencia de la Comisi\u00f3n.<\/p>\n<p>Una vez emitido el dictamen respectivo y por cuestiones de econom\u00eda procesal, s\u00f3lo se publican en la orden del d\u00eda, el articulado y las planillas anexas que resultaron modificadas en el tratamiento en Comisi\u00f3n.<\/p>\n<p>Posteriormente se trata en el recinto de sesiones de igual forma que el resto de los proyectos de ley.<\/p>\n<p>Si es aprobada, la ley comienza a estar vigente y se pasa a las etapas de ejecuci\u00f3n y control. Si el proyecto es rechazado, el art\u00edculo 27 de la Ley 24.756 dispone que, si al comienzo del a\u00f1o, el Gobierno no cuenta con un presupuesto aprobado regir\u00e1 el que se encuentra vigente, pero con algunos ajustes.<\/p>\n<ul>\n<li><strong>Ejecuci\u00f3n:<\/strong> una vez promulgado y convertido en ley, por decisi\u00f3n administrativa del Jefe de Gabinete se efect\u00faa la distribuci\u00f3n de los gastos (por programas y partidas) y de los recursos (por rubros) del presupuesto, convirti\u00e9ndolo en operativo (tambi\u00e9n conocido como \u201cdistributivo\u201d).<\/li>\n<\/ul>\n<p>El estado de ejecuci\u00f3n se informa trimestralmente al Congreso de la Naci\u00f3n y habitualmente puede conocerse y consultarse con un alto nivel de desagregado a trav\u00e9s de informes que se actualizan peri\u00f3dicamente por el Ministerio de Econom\u00eda.<\/p>\n<ul>\n<li><strong>Control:<\/strong> el control externo lo realiza el Congreso a trav\u00e9s del an\u00e1lisis de la llamada Cuenta de Inversi\u00f3n, que consiste en la rendici\u00f3n de cuentas del Poder Ejecutivo al Poder Legislativo para el control mediante las cuentas del cumplimiento de las funciones del Estado en relaci\u00f3n con el presupuesto.<\/li>\n<\/ul>\n<p>Asimismo, existe un control interno de la propia administraci\u00f3n, ya sea en aspectos presupuestarios, econ\u00f3micos, financieros, patrimoniales, normativos y de gesti\u00f3n, que es llevado adelante por la SIGEN (Sindicatura General de la Naci\u00f3n) y por las diversas Unidades de Auditoria Interna (UAI) de cada jurisdicci\u00f3n.<\/p>\n","protected":false},"excerpt":{"rendered":"<p>El proyecto enviado por el Poder Ejecutivo tiene como eje central el &#8220;d\u00e9ficit cero&#8221;. La iniciativa debe atravesar una serie de etapas parlamentarias para avanzar en su discusi\u00f3n y eventual aprobaci\u00f3n &nbsp; &nbsp; Despu\u00e9s de la presentaci\u00f3n del presidente Javier Milei, el camino del Presupuesto 2025 en el Congreso empieza a tomar forma. Seg\u00fan fuentes parlamentarias, las reuniones informativas para dar inicio al debate de la &#8220;ley de leyes&#8221; est\u00e1n previstas para la primera semana de octubre. Milei asisti\u00f3 el domingo pasado al Congreso de la Naci\u00f3n para presentar el&#8230;<\/p>\n","protected":false},"author":3,"featured_media":81679,"comment_status":"closed","ping_status":"closed","sticky":false,"template":"","format":"standard","meta":[],"categories":[18],"tags":[],"_links":{"self":[{"href":"https:\/\/www.actualidadadiario.com\/index.php\/wp-json\/wp\/v2\/posts\/120431"}],"collection":[{"href":"https:\/\/www.actualidadadiario.com\/index.php\/wp-json\/wp\/v2\/posts"}],"about":[{"href":"https:\/\/www.actualidadadiario.com\/index.php\/wp-json\/wp\/v2\/types\/post"}],"author":[{"embeddable":true,"href":"https:\/\/www.actualidadadiario.com\/index.php\/wp-json\/wp\/v2\/users\/3"}],"replies":[{"embeddable":true,"href":"https:\/\/www.actualidadadiario.com\/index.php\/wp-json\/wp\/v2\/comments?post=120431"}],"version-history":[{"count":1,"href":"https:\/\/www.actualidadadiario.com\/index.php\/wp-json\/wp\/v2\/posts\/120431\/revisions"}],"predecessor-version":[{"id":120432,"href":"https:\/\/www.actualidadadiario.com\/index.php\/wp-json\/wp\/v2\/posts\/120431\/revisions\/120432"}],"wp:featuredmedia":[{"embeddable":true,"href":"https:\/\/www.actualidadadiario.com\/index.php\/wp-json\/wp\/v2\/media\/81679"}],"wp:attachment":[{"href":"https:\/\/www.actualidadadiario.com\/index.php\/wp-json\/wp\/v2\/media?parent=120431"}],"wp:term":[{"taxonomy":"category","embeddable":true,"href":"https:\/\/www.actualidadadiario.com\/index.php\/wp-json\/wp\/v2\/categories?post=120431"},{"taxonomy":"post_tag","embeddable":true,"href":"https:\/\/www.actualidadadiario.com\/index.php\/wp-json\/wp\/v2\/tags?post=120431"}],"curies":[{"name":"wp","href":"https:\/\/api.w.org\/{rel}","templated":true}]}}