{"id":120429,"date":"2024-09-20T12:08:53","date_gmt":"2024-09-20T15:08:53","guid":{"rendered":"https:\/\/www.actualidadadiario.com\/?p=120429"},"modified":"2024-09-20T12:08:53","modified_gmt":"2024-09-20T15:08:53","slug":"pichetto-pedira-debatir-jubilaciones-en-el-presupuesto-2025-se-debe-mirar-la-sostenibilidad-social","status":"publish","type":"post","link":"https:\/\/www.actualidadadiario.com\/index.php\/2024\/09\/20\/pichetto-pedira-debatir-jubilaciones-en-el-presupuesto-2025-se-debe-mirar-la-sostenibilidad-social\/","title":{"rendered":"Pichetto pedir\u00e1 debatir jubilaciones en el Presupuesto 2025: &#8220;Se debe mirar la sostenibilidad social&#8221;"},"content":{"rendered":"<p style=\"text-align: center;\"><em><strong>Diputados aguarda la convocatoria del Gobierno y bloques opositores planifican ratificar demandas por mejoras en universidades y pensiones<\/strong><\/em><\/p>\n<p>&nbsp;<\/p>\n<p>&nbsp;<\/p>\n<p>El Presupuesto 2025 podr\u00eda ingresar a la C\u00e1mara de Diputados para su debate en la primera semana de octubre. En ese marco, y mientras contin\u00faan las evaluaciones en todas las provincias, Miguel \u00c1ngel Pichetto adelant\u00f3 cu\u00e1l va a ser una de las prioridades de las demandas de la oposici\u00f3n.<\/p>\n<p>El titular del bloque Encuentro Federal, uno de los espacios con los que el oficialismo necesita consensuar para la aprobaci\u00f3n de su plan econ\u00f3mico, se\u00f1al\u00f3 que tanto jubilaciones como el financiamiento universitario deben &#8220;ser discutidos ahora en el marco del Presupuesto 2025. Tenemos voluntad de colaborar y buscar un acuerdo con los gobernadores para que el Presupuesto pueda ser votado, pero estos temas indudablemente va a haber que discutirlos&#8221;.<\/p>\n<p>En ese sentido, entendi\u00f3 que &#8220;la actualizaci\u00f3n de tarifas, colectivos, transporte, alimentos y medicamentos tiene un impacto muy fuerte en jubilados, clase media y trabajadores. No ha habido todav\u00eda una actualizaci\u00f3n de salarios y una recuperaci\u00f3n de la econom\u00eda que permita soportar a la gente todo este impacto&#8221;. &#8220;Independientemente de que todos coincidimos que hay que ordenar lo fiscal, la propuesta pol\u00edtica del Gobierno tambi\u00e9n tiene que mirar la sostenibilidad social, que es uno de los elementos que hacen a la paz social&#8221;, agreg\u00f3 en di\u00e1logo con Radio 10.<\/p>\n<p>Pichetto apunt\u00f3 contra &#8220;sectores que tienen ciertos privilegios y que indudablemente deber\u00edan empezar a tributar para tratar de colaborar, pero el Gobierno no lo ha tenido en cuenta en el Presupuesto&#8221;. A su vez, fue cr\u00edtico contra el asado en la Quinta de Olivos del pasado martes, considerando que &#8220;no hab\u00eda nada para festejar&#8221; y analizando que &#8220;el Gobierno elige el m\u00e9todo del veto, la colisi\u00f3n, el conflicto, y me parece que no es bueno para la Argentina. Hay que encontrar un camino de di\u00e1logo razonable para ir resolviendo los problemas&#8221;.<\/p>\n<p>&nbsp;<\/p>\n<p><strong>Presupuesto 2025: diputados anticipan discusi\u00f3n sobre jubilaciones<\/strong><\/p>\n<p>Diputados de distintos bloques hicieron \u00e9nfasis en el tratamiento del sistema jubilatorio dentro del Presupuesto 2025. En el mismo sentido que Pichetto, Paula Penacca (Uni\u00f3n por la Patria) plante\u00f3 la necesidad de &#8220;un debate profundo y serio con la presencia de todos los funcionarios, empezando por Caputo, ministro de Econom\u00eda, y Bausili, el presidente del BCRA&#8221;. &#8220;Van a tener que explicar si piensan lograr el objetivo del super\u00e1vit fiscal ajustando a trabajadores, jubilados y estudiantes, como hicieron hasta ahora&#8221;, agreg\u00f3 en su cuenta de X.<\/p>\n<p>Por su parte, Luciano Laspina (PRO) remarc\u00f3 en sus redes sociales que &#8220;el gobierno reintrodujo la discusi\u00f3n de las jubilaciones en el art\u00edculo 69 de la ley de presupuesto al solicitar ratificaci\u00f3n del DNU 274\/2024. Se viene un gran debate de prioridades en el Presupuesto&#8221;.<\/p>\n<p>El presidente de la Comisi\u00f3n de Presupuesto y Hacienda, Jos\u00e9 Luis Espert (La Libertad Avanza) pronostic\u00f3 que &#8220;las jubilaciones van a crecer en t\u00e9rminos reales en a\u00f1o que viene por la ca\u00edda de la inflaci\u00f3n&#8221;. Entrevistado en radio Rivadavia, consider\u00f3 que &#8220;este presupuesto lo que busca es terminar con la inflaci\u00f3n en Argentina y que no hay suba de impuestos. Por lo que se piensa en la gente en general y particularmente en los que generan valor aquellos que emprenden, laburan y estudian&#8221;.<\/p>\n","protected":false},"excerpt":{"rendered":"<p>Diputados aguarda la convocatoria del Gobierno y bloques opositores planifican ratificar demandas por mejoras en universidades y pensiones &nbsp; &nbsp; El Presupuesto 2025 podr\u00eda ingresar a la C\u00e1mara de Diputados para su debate en la primera semana de octubre. En ese marco, y mientras contin\u00faan las evaluaciones en todas las provincias, Miguel \u00c1ngel Pichetto adelant\u00f3 cu\u00e1l va a ser una de las prioridades de las demandas de la oposici\u00f3n. El titular del bloque Encuentro Federal, uno de los espacios con los que el oficialismo necesita consensuar para la aprobaci\u00f3n de&#8230;<\/p>\n","protected":false},"author":3,"featured_media":113857,"comment_status":"closed","ping_status":"closed","sticky":false,"template":"","format":"standard","meta":[],"categories":[18],"tags":[],"_links":{"self":[{"href":"https:\/\/www.actualidadadiario.com\/index.php\/wp-json\/wp\/v2\/posts\/120429"}],"collection":[{"href":"https:\/\/www.actualidadadiario.com\/index.php\/wp-json\/wp\/v2\/posts"}],"about":[{"href":"https:\/\/www.actualidadadiario.com\/index.php\/wp-json\/wp\/v2\/types\/post"}],"author":[{"embeddable":true,"href":"https:\/\/www.actualidadadiario.com\/index.php\/wp-json\/wp\/v2\/users\/3"}],"replies":[{"embeddable":true,"href":"https:\/\/www.actualidadadiario.com\/index.php\/wp-json\/wp\/v2\/comments?post=120429"}],"version-history":[{"count":1,"href":"https:\/\/www.actualidadadiario.com\/index.php\/wp-json\/wp\/v2\/posts\/120429\/revisions"}],"predecessor-version":[{"id":120430,"href":"https:\/\/www.actualidadadiario.com\/index.php\/wp-json\/wp\/v2\/posts\/120429\/revisions\/120430"}],"wp:featuredmedia":[{"embeddable":true,"href":"https:\/\/www.actualidadadiario.com\/index.php\/wp-json\/wp\/v2\/media\/113857"}],"wp:attachment":[{"href":"https:\/\/www.actualidadadiario.com\/index.php\/wp-json\/wp\/v2\/media?parent=120429"}],"wp:term":[{"taxonomy":"category","embeddable":true,"href":"https:\/\/www.actualidadadiario.com\/index.php\/wp-json\/wp\/v2\/categories?post=120429"},{"taxonomy":"post_tag","embeddable":true,"href":"https:\/\/www.actualidadadiario.com\/index.php\/wp-json\/wp\/v2\/tags?post=120429"}],"curies":[{"name":"wp","href":"https:\/\/api.w.org\/{rel}","templated":true}]}}