{"id":120426,"date":"2024-09-20T12:08:05","date_gmt":"2024-09-20T15:08:05","guid":{"rendered":"https:\/\/www.actualidadadiario.com\/?p=120426"},"modified":"2024-09-20T12:08:05","modified_gmt":"2024-09-20T15:08:05","slug":"vamos-a-matar-a-la-inflacion-dijo-el-nuevo-viceministro-de-economia-aunque-no-pudo-precisar-cuando","status":"publish","type":"post","link":"https:\/\/www.actualidadadiario.com\/index.php\/2024\/09\/20\/vamos-a-matar-a-la-inflacion-dijo-el-nuevo-viceministro-de-economia-aunque-no-pudo-precisar-cuando\/","title":{"rendered":"&#8220;Vamos a matar a la inflaci\u00f3n&#8221;, dijo el nuevo viceministro de Econom\u00eda, aunque no pudo precisar cu\u00e1ndo"},"content":{"rendered":"<p style=\"text-align: center;\"><em><strong>El flamante viceministro de Luis Caputo, Jos\u00e9 Luis Daza, destac\u00f3 la actual gesti\u00f3n econ\u00f3mica y confi\u00f3 en el rumbo del Gobierno, aunque, reconoci\u00f3 que a\u00fan hay fuertes desaf\u00edos por delante<\/strong><\/em><\/p>\n<p>&nbsp;<\/p>\n<p>&nbsp;<\/p>\n<p>Jos\u00e9 Luis Daza, quien acaba de asumir como viceministro de Econom\u00eda, augur\u00f3 este jueves que la Argentina ser\u00e1 el pa\u00eds \u201ccon mayor \u00e9xito econ\u00f3mico en los pr\u00f3ximos 30 a\u00f1os\u201d y prometi\u00f3: \u201cNo s\u00e9 exactamente cu\u00e1ndo, pero vamos a matar a la inflaci\u00f3n\u201d. As\u00ed lo hizo en el marco de la asamblea anual de la Federaci\u00f3n Interamericana de Bolsas (FIAB), donde hizo su primera aparici\u00f3n p\u00fablica desde que se incorpor\u00f3 a la cartera que encabeza su ex compa\u00f1ero de JP Morgan, Luis Caputo.<\/p>\n<p>El flamante funcionario fue nombrado este mi\u00e9rcoles y tendr\u00e1 la misi\u00f3n principal de darle una visi\u00f3n macro a la gesti\u00f3n econ\u00f3mica. Durante su breve discurso, destac\u00f3 que, lo que se hace en los primeros meses de este Gobierno, \u201ces una gesta \u00e9pica que \u00fanica en el mundo\u201d. Daza dijo que a lo largo de su carrera le toc\u00f3 estudiar \u00e9xitos y fracasos en distintos pa\u00edses y, sobre la base de esos an\u00e1lisis lleg\u00f3 a esa conclusi\u00f3n.<\/p>\n<p>\u201cVamos a matar la inflaci\u00f3n, no s\u00e9 exactamente cu\u00e1ndo. Veamos la direcci\u00f3n y vayamos hacia all\u00e1. Las reformas, baja de impuestos, eliminaci\u00f3n de regulaciones va a llevar a un aumento del stock de capital de esta econom\u00eda\u201d, sostuvo el economista nacionalizado en Chile, aunque naci\u00f3 en Argentina.<\/p>\n<p>&nbsp;<\/p>\n<p><strong>Daza se mostr\u00f3 confiado, pero con alguna incertidumbres<\/strong><\/p>\n<p>Daza cont\u00f3 que dej\u00f3 su trabajo y su familia y vino a la Argentina para participar en lo que llam\u00f3 &#8220;la transformaci\u00f3n econ\u00f3mica m\u00e1s importante de los pr\u00f3ximos 30 a\u00f1os&#8221;. En ese sentido, destac\u00f3 la convicci\u00f3n y la audacia para decir lo que va a hacer de Javier Milei y afirm\u00f3: &#8220;Cuando veo la direcci\u00f3n de las pol\u00edticas p\u00fablicas del mundo en su totalidad, hay un pa\u00eds que destaca, y que implementa pol\u00edticas que tienen elementos de estabilizaci\u00f3n y reformas estructurales. Creo que no hay ning\u00fan pa\u00eds en el mundo que en los pr\u00f3ximos 30 a\u00f1os vaya a tener m\u00e1s \u00e9xito que Argentina\u201d.<\/p>\n<p>No obstante, reconoci\u00f3 que \u201clos desaf\u00edos son much\u00edsimos&#8221; y que tiene &#8220;mucho que aprender&#8221;. Incluso expuso que habl\u00f3 con autoridades de distintos pa\u00edses del mundo y &#8220;est\u00e1n shockeados por lo que logr\u00f3 hacer el equipo econ\u00f3mico&#8221;. &#8220;Pensaban que no tendr\u00eda \u00e9xito sin caer en hiperinflaci\u00f3n&#8221;, afirm\u00f3. Pero sostuvo que, gracias a un plan bien concebido, se lograron muchas mejoras.<\/p>\n<p>Pero, de cara al futuro, se\u00f1al\u00f3 que, si bien la mantenci\u00f3n de la pol\u00edtica fiscal y monetaria va a llevar a una ca\u00edda muy fuerte en la inflaci\u00f3n y va a normalizarla, el sistema econ\u00f3mico es muy complejo y tiene elementos aleatorios. &#8220;Es muy com\u00fan que en procesos como el actual veamos todos los \u00e1rboles pero no el bosque&#8221;, advirti\u00f3 y reconoci\u00f3 que \u201clos economistas somos muy malos para predecir.<\/p>\n<p>Daza tiene 66 a\u00f1os y se gradu\u00f3 como economista en la Universidad de Chile y como doctor en Econom\u00eda de la Universidad de Georgetown, Washington. Fue representante del banco central chileno en Asia, con base en Tokio.<\/p>\n","protected":false},"excerpt":{"rendered":"<p>El flamante viceministro de Luis Caputo, Jos\u00e9 Luis Daza, destac\u00f3 la actual gesti\u00f3n econ\u00f3mica y confi\u00f3 en el rumbo del Gobierno, aunque, reconoci\u00f3 que a\u00fan hay fuertes desaf\u00edos por delante &nbsp; &nbsp; Jos\u00e9 Luis Daza, quien acaba de asumir como viceministro de Econom\u00eda, augur\u00f3 este jueves que la Argentina ser\u00e1 el pa\u00eds \u201ccon mayor \u00e9xito econ\u00f3mico en los pr\u00f3ximos 30 a\u00f1os\u201d y prometi\u00f3: \u201cNo s\u00e9 exactamente cu\u00e1ndo, pero vamos a matar a la inflaci\u00f3n\u201d. As\u00ed lo hizo en el marco de la asamblea anual de la Federaci\u00f3n Interamericana de Bolsas&#8230;<\/p>\n","protected":false},"author":3,"featured_media":120427,"comment_status":"closed","ping_status":"closed","sticky":false,"template":"","format":"standard","meta":[],"categories":[18],"tags":[],"_links":{"self":[{"href":"https:\/\/www.actualidadadiario.com\/index.php\/wp-json\/wp\/v2\/posts\/120426"}],"collection":[{"href":"https:\/\/www.actualidadadiario.com\/index.php\/wp-json\/wp\/v2\/posts"}],"about":[{"href":"https:\/\/www.actualidadadiario.com\/index.php\/wp-json\/wp\/v2\/types\/post"}],"author":[{"embeddable":true,"href":"https:\/\/www.actualidadadiario.com\/index.php\/wp-json\/wp\/v2\/users\/3"}],"replies":[{"embeddable":true,"href":"https:\/\/www.actualidadadiario.com\/index.php\/wp-json\/wp\/v2\/comments?post=120426"}],"version-history":[{"count":1,"href":"https:\/\/www.actualidadadiario.com\/index.php\/wp-json\/wp\/v2\/posts\/120426\/revisions"}],"predecessor-version":[{"id":120428,"href":"https:\/\/www.actualidadadiario.com\/index.php\/wp-json\/wp\/v2\/posts\/120426\/revisions\/120428"}],"wp:featuredmedia":[{"embeddable":true,"href":"https:\/\/www.actualidadadiario.com\/index.php\/wp-json\/wp\/v2\/media\/120427"}],"wp:attachment":[{"href":"https:\/\/www.actualidadadiario.com\/index.php\/wp-json\/wp\/v2\/media?parent=120426"}],"wp:term":[{"taxonomy":"category","embeddable":true,"href":"https:\/\/www.actualidadadiario.com\/index.php\/wp-json\/wp\/v2\/categories?post=120426"},{"taxonomy":"post_tag","embeddable":true,"href":"https:\/\/www.actualidadadiario.com\/index.php\/wp-json\/wp\/v2\/tags?post=120426"}],"curies":[{"name":"wp","href":"https:\/\/api.w.org\/{rel}","templated":true}]}}