{"id":120423,"date":"2024-09-20T12:05:13","date_gmt":"2024-09-20T15:05:13","guid":{"rendered":"https:\/\/www.actualidadadiario.com\/?p=120423"},"modified":"2024-09-20T12:05:29","modified_gmt":"2024-09-20T15:05:29","slug":"milei-debutara-ante-la-onu-con-un-discurso-critico-hacia-china-y-la-agenda-2030","status":"publish","type":"post","link":"https:\/\/www.actualidadadiario.com\/index.php\/2024\/09\/20\/milei-debutara-ante-la-onu-con-un-discurso-critico-hacia-china-y-la-agenda-2030\/","title":{"rendered":"Milei debutar\u00e1 ante la ONU con un discurso cr\u00edtico hacia China y la Agenda 2030"},"content":{"rendered":"<p style=\"text-align: center;\"><em><strong>El Presidente hablar\u00e1 el martes que viene en la apertura de la Asamblea General en Washington. En su primer discurso, denunciar\u00e1 el &#8220;alineamiento&#8221; del organismo con China y criticar\u00e1 la Agenda 2030<\/strong><\/em><\/p>\n<p>&nbsp;<\/p>\n<p>&nbsp;<\/p>\n<p>El presidente Javier Milei har\u00e1 su debut el martes pr\u00f3ximo ante la Asamblea General de las Naciones Unidas (ONU) con un encendido discurso contra la Agenda 2030 y para diferenciarse de esa organizaci\u00f3n por su &#8220;alineamiento con China&#8221;, en sinton\u00eda con el acercamiento del Gobierno con Estados Unidos.<\/p>\n<p>El mandatario volver\u00e1 por sexta vez a territorio estadounidense en menos de un a\u00f1o, en este caso para disertar por primera vez ante los mandatarios de los pa\u00edses miembros del organismo supranacional, con un discurso en el que reiterar\u00e1 sus cuestionamientos al socialismo, como sin\u00f3nimo del intervencionismo estatal. Adem\u00e1s, reafirmar\u00e1 sus cr\u00edticas a la lucha contra el cambio clim\u00e1tico y las pol\u00edticas de g\u00e9nero.<\/p>\n<p>El libertario partir\u00e1 el s\u00e1bado por la noche en un avi\u00f3n privado rumbo a Nueva York, a poco m\u00e1s de un mes de su \u00faltima salida al exterior, cuando emprendi\u00f3 una visita expr\u00e9s a Chile. Estar\u00e1 acompa\u00f1ado por el ministro de Econom\u00eda, Luis Caputo; la ministra de Seguridad, Patricia Bullrich; la secretaria general de la Presidencia, Karina Milei; y la canciller Diana Mondino. Podr\u00eda sumarse a la delegaci\u00f3n el titular del Banco Central, Santiago Bausili.<\/p>\n<p>&nbsp;<\/p>\n<p><strong>Javier Milei hablar\u00e1 el martes por primera vez ante la ONU<\/strong><\/p>\n<p>La agenda del viaje se encontraba en definici\u00f3n y ser\u00e1 detallada en las pr\u00f3ximas horas por el vocero presidencial, Manuel Adorni, en la habitual conferencia de prensa. Hasta ahora, solo estaba confirmada la exposici\u00f3n del mandatario ante la Asamblea de la ONU, en el cuarto turno, prevista para el martes pr\u00f3ximo a las 16.<\/p>\n<p>El primer discurso de Milei ante la ONU ser\u00e1 similar al que pronunci\u00f3 a principios de a\u00f1o en el Foro de davos, y se centrar\u00e1 en reafirmar &#8220;las ideas de la libertad&#8221;, tanto a nivel social como econ\u00f3mico, por lo que se espera que exponga sus cuestionamientos a la Agenda 2030. No ser\u00e1 la primera vez que el libertario rechace el cambio clim\u00e1tico y las pol\u00edticas de igualdad de g\u00e9nero, por lo que se dedicar\u00e1 a profundizar su ya conocida posici\u00f3n.<\/p>\n<p>La Agenda 2030, aprobada en 2015 por Naciones Unidas, es un esquema de 17 Objetivos de Desarrollo Sostenible (ODS) que invitan a los pa\u00edses miembro a trabajar para \u201cponer fin a la pobreza, proteger el planeta y mejorar las vidas y las perspectivas de las personas en todo el mundo\u201d, seg\u00fan indica la ONU.<\/p>\n<p>Entre los ODS se encuentran el \u201cfin de la pobreza\u201d, \u201chambre cero\u201d, \u201csalud y bienestar\u201d, \u201ceducaci\u00f3n de calidad\u201d, \u201cigualdad de g\u00e9nero\u201d, \u201cagua limpia y saneamiento\u201d y \u201cacci\u00f3n por el clima\u201d. Las propuestas, apoyadas por todos los Estados miembro, son flanco de cr\u00edticas de sectores de ultraderecha que denuncian la intervenci\u00f3n del Estado.<\/p>\n<p>&nbsp;<\/p>\n<p><strong>Con cr\u00edticas a China, Milei reafirmar\u00e1 su alineamiento con EEUU<\/strong><\/p>\n<p>Tambi\u00e9n dedicar\u00e1 un tramo de su exposici\u00f3n a cuestionar el &#8220;alineamiento&#8221; de la ONU con la Rep\u00fablica Popular China, gobernada por el Partido Comunista Chino. &#8220;El Presidente est\u00e1 m\u00e1s alineado con los valores occidentales&#8221;, admiti\u00f3 una fuente del entorno con injerencia en los discursos del mandatario. En la Casa Rosada consideran que la ONU &#8220;trabaja bajo el servicio de China&#8221;, por lo que el mandatario expondr\u00e1 sus diferencias a ese respecto.<\/p>\n<p>A pesar de la proximidad geogr\u00e1fica, en la administraci\u00f3n libertaria aseguran que el mandatario evitar\u00e1 pronunciarse sobre las elecciones de Estados Unidos. Con el 5 de noviembre como horizonte para la contienda electoral, y pese a su cercan\u00eda ideol\u00f3gica con el candidato republicano, Donald Trump, quien enfrenta a la dem\u00f3crata Kamala Harris, Milei evitar\u00e1 cualquier gesto pol\u00edtico para &#8220;no interferir en la campa\u00f1a&#8221;.<\/p>\n<p>Con la sede del FMI a pocos kil\u00f3metros, en Washington, las especulaciones por las renegociaci\u00f3n de un nuevo acuerdo resuenan, pese a que fuentes del Ministerio de Econom\u00eda aseguraron que no hay reuniones programadas con funcionarios de la Casa Blanca ni con autoridades del organismo. Hasta el momento las negociaciones con el FMI permanec\u00edan pausadas.<\/p>\n<p>En el Gobierno atribu\u00edan esa quietud al ex director del Hemisferio Occidental Rodrigo Vald\u00e9s, quien opt\u00f3 por correrse del cargo tras las acusaciones del mandatario por &#8220;izquierdista&#8221;. Este cambio renov\u00f3 las expectativas del Gobierno argentino, que se esperanza con un redise\u00f1o del acuerdo con el Fondo.<\/p>\n<p>&nbsp;<\/p>\n<p><strong>El FMI avanza con una decisi\u00f3n que podr\u00eda beneficiar a Argentina en u$s12.000 millones<\/strong><\/p>\n<p>D\u00edas atr\u00e1s, el Fondo Monetario Internacional se reuni\u00f3 informalmente para analizar modificaciones en su pol\u00edtica de sobrecargos. Seg\u00fan pudo saber \u00c1mbito, el organismo multilateral estar\u00eda dispuesto a conceder una reducci\u00f3n en los intereses extra que cobra a pa\u00edses que est\u00e1n endeudados por encima de su cuota.<\/p>\n<p>En el mismo sentido, podr\u00eda aceptar una revisi\u00f3n a la baja de la tasa base y una suba del tope a partir del cual se cobran las penalidades. En octubre se llevar\u00e1 a cabo el encuentro formal donde se podr\u00eda comunicar una decisi\u00f3n que favorece a Argentina que paga m\u00e1s de u$s700 millones al a\u00f1o por esta pol\u00edtica.<\/p>\n<p>Para Argentina podr\u00eda redundar en un ahorro de u$s400 millones anuales, estimando una vida de treinta a\u00f1os de los sobrecargos, podr\u00eda implicar un ahorro de alrededor de u$s12.000 millones.<\/p>\n","protected":false},"excerpt":{"rendered":"<p>El Presidente hablar\u00e1 el martes que viene en la apertura de la Asamblea General en Washington. En su primer discurso, denunciar\u00e1 el &#8220;alineamiento&#8221; del organismo con China y criticar\u00e1 la Agenda 2030 &nbsp; &nbsp; El presidente Javier Milei har\u00e1 su debut el martes pr\u00f3ximo ante la Asamblea General de las Naciones Unidas (ONU) con un encendido discurso contra la Agenda 2030 y para diferenciarse de esa organizaci\u00f3n por su &#8220;alineamiento con China&#8221;, en sinton\u00eda con el acercamiento del Gobierno con Estados Unidos. El mandatario volver\u00e1 por sexta vez a territorio&#8230;<\/p>\n","protected":false},"author":3,"featured_media":119106,"comment_status":"closed","ping_status":"closed","sticky":false,"template":"","format":"standard","meta":[],"categories":[9],"tags":[],"_links":{"self":[{"href":"https:\/\/www.actualidadadiario.com\/index.php\/wp-json\/wp\/v2\/posts\/120423"}],"collection":[{"href":"https:\/\/www.actualidadadiario.com\/index.php\/wp-json\/wp\/v2\/posts"}],"about":[{"href":"https:\/\/www.actualidadadiario.com\/index.php\/wp-json\/wp\/v2\/types\/post"}],"author":[{"embeddable":true,"href":"https:\/\/www.actualidadadiario.com\/index.php\/wp-json\/wp\/v2\/users\/3"}],"replies":[{"embeddable":true,"href":"https:\/\/www.actualidadadiario.com\/index.php\/wp-json\/wp\/v2\/comments?post=120423"}],"version-history":[{"count":2,"href":"https:\/\/www.actualidadadiario.com\/index.php\/wp-json\/wp\/v2\/posts\/120423\/revisions"}],"predecessor-version":[{"id":120425,"href":"https:\/\/www.actualidadadiario.com\/index.php\/wp-json\/wp\/v2\/posts\/120423\/revisions\/120425"}],"wp:featuredmedia":[{"embeddable":true,"href":"https:\/\/www.actualidadadiario.com\/index.php\/wp-json\/wp\/v2\/media\/119106"}],"wp:attachment":[{"href":"https:\/\/www.actualidadadiario.com\/index.php\/wp-json\/wp\/v2\/media?parent=120423"}],"wp:term":[{"taxonomy":"category","embeddable":true,"href":"https:\/\/www.actualidadadiario.com\/index.php\/wp-json\/wp\/v2\/categories?post=120423"},{"taxonomy":"post_tag","embeddable":true,"href":"https:\/\/www.actualidadadiario.com\/index.php\/wp-json\/wp\/v2\/tags?post=120423"}],"curies":[{"name":"wp","href":"https:\/\/api.w.org\/{rel}","templated":true}]}}