{"id":120420,"date":"2024-09-20T12:04:24","date_gmt":"2024-09-20T15:04:24","guid":{"rendered":"https:\/\/www.actualidadadiario.com\/?p=120420"},"modified":"2024-09-20T12:04:24","modified_gmt":"2024-09-20T15:04:24","slug":"gastaron-en-gas-pimienta-en-lugar-de-justicia-social","status":"publish","type":"post","link":"https:\/\/www.actualidadadiario.com\/index.php\/2024\/09\/20\/gastaron-en-gas-pimienta-en-lugar-de-justicia-social\/","title":{"rendered":"&#8216;Gastaron en gas pimienta en lugar de justicia social&#8217;"},"content":{"rendered":"<p style=\"text-align: center;\"><em><strong>Francisco cuestion\u00f3 la pol\u00edtica de represi\u00f3n de la administraci\u00f3n libertaria contra las manifestaciones y cont\u00f3 que vio un video de la avanzada policial contra los jubilados frente al Congreso. Se\u00f1al\u00f3 el uso de &#8220;una cosa que es lo m\u00e1s caro que hay, que es el gas pimienta de primera calidad\u201d<\/strong><\/em><\/p>\n<p>&nbsp;<\/p>\n<p>&nbsp;<\/p>\n<p>Durante un encuentro con movimientos populares que tuvo lugar en el Vaticano, el papa Francisco critic\u00f3 duramente al gobierno de Javier Milei por desatar su pol\u00edtica de represi\u00f3n contra los jubilados en vez de responder a sus demandas. \u201cEn vez de pagar la justicia pag\u00f3 el gas pimienta\u201d, cuestion\u00f3 el pont\u00edfice. Adem\u00e1s, revel\u00f3 que un empresario argentino le habl\u00f3 sobre un caso de coimas.<\/p>\n<p>La objeci\u00f3n contra las prioridades de la administraci\u00f3n de La Libertad Avanza (LLA) fue hecha ante referentes sociales de todo el mundo que se dieron cita en Roma bajo el lema \u201cPlantando bandera frente a la deshumanizaci\u00f3n\u201d.<\/p>\n<p>All\u00ed, el papa argentino dio un discurso donde remarc\u00f3 que los axiomas de \u201ctierra, techo y trabajo son derechos sagrados\u201d para la humanidad e hizo un repaso por algunos de los dramas que los sectores m\u00e1s pobres enfrentan en sus pa\u00edses.<\/p>\n<p>&nbsp;<\/p>\n<p><strong>El gas pimienta<\/strong><\/p>\n<p>Aunque no mencion\u00f3 particularmente a la Argentina, Jorge Bergoglio la aludi\u00f3. Cont\u00f3 que vio un video de \u201cuna represi\u00f3n de hace una semana, menos quiz\u00e1s\u201d, de la que fueron v\u00edctimas \u201cobreros y gente que ped\u00eda por sus derechos en la calle\u201d.<\/p>\n<p>\u201cEl Gobierno se puso firme y en vez de pagar la justicia social pag\u00f3 el gas pimienta, le conven\u00eda. T\u00e9nganlo en cuenta a eso\u201d, cuestion\u00f3.<\/p>\n<p>A lo que el Papa aludi\u00f3 fue a una de las tantas pol\u00e9micas desatadas tras las sucesivas marchas de jubilados en Buenos Aires: el costo de la represi\u00f3n.<\/p>\n<p>Seg\u00fan se pudo establecer, el valor de cada envase de gas pimienta utilizado por las fuerzas de seguridad durante los mega operativos desatados por Patricia Bullrich es de 250 mil pesos aproximadamente. M\u00e1s caro que un haber jubilatorio m\u00ednimo, que asciende a los 234 mil pesos.<\/p>\n<p>El papa Francisco continu\u00f3 sorprendido: \u201cLa polic\u00eda la rechazaba (a la manifestaci\u00f3n) con una cosa que es lo m\u00e1s caro que hay, que es el gas pimienta de primera calidad\u201d y bajo el argumento de \u201cque no ten\u00edan derecho a reclamar lo suyo porque eran revoltosos, comunistas. No, no, no\u201d, juzg\u00f3.<\/p>\n<p>\u201cT\u00e9nganlo en cuenta a eso\u201d, resalt\u00f3 en referencia a las prioridades del gobierno de Javier Milei frente a las necesidades de los sectores m\u00e1s empobrecidos donde hizo recaer la parte m\u00e1s dura de su plan neoliberal.<\/p>\n<p>&nbsp;<\/p>\n<p><strong>Un caso de coimas<\/strong><\/p>\n<p>Pero la represi\u00f3n no fue el \u00fanico esc\u00e1ndalo argentino al que se refiri\u00f3 el Papa. Durante su alocuci\u00f3n revel\u00f3 tambi\u00e9n que tom\u00f3 conocimiento de un caso de coima en el pa\u00eds. Lo cont\u00f3 mientras hablaba sobre la \u201cavaricia\u201d de los sectores m\u00e1s ricos, a los que critic\u00f3 por \u201coponerse a la realizaci\u00f3n de la justicia social\u201d. Precisamente, uno de los t\u00f3picos de cada uno de los discursos de Javier Milei.<\/p>\n<p>Al caso de coima lo refiri\u00f3 sin dar nombres ni precisiones. Relat\u00f3 que \u201cun emprendedor internacional que estaba haciendo en Argentina inversiones de extensi\u00f3n\u201d le cont\u00f3 que \u201cfue a presentar al ministro el nuevo plan de nuevas extensiones. El ministro lo atendi\u00f3 muy bien y le dijo \u2018d\u00e9jemelo, ya lo van a llamar\u2019\u201d.<\/p>\n<p>\u201cAl d\u00eda siguiente \u2013prosigui\u00f3- lo llam\u00f3 el secretario del ministro y le dijo: \u2018Mire, dentro de unos d\u00edas puede pasar as\u00ed le entregamos el permiso y todo\u2019. (A los d\u00edas) pas\u00f3, le entreg\u00f3 las firmas y cuando se estaba por levantar (el secretario) le dijo: \u2018\u00bfY para nosotros cu\u00e1nto?\u2019 Y para nosotros cu\u00e1nto, la coima. El diablo entra por los bolsillos, no se olviden.\u201d<\/p>\n<p>&nbsp;<\/p>\n<p><strong>&#8220;Los acompa\u00f1o en su camino&#8221;<\/strong><\/p>\n<p>Francisco tambi\u00e9n alent\u00f3 a los referentes sociales a seguir siendo \u201cprotagonistas de la historia\u201d. \u201cUstedes no se achican, ustedes van al frente\u201d, los elogi\u00f3. \u201cUstedes tiene que ayudar a los pol\u00edticos para que no se entreguen a los cocodrilos (\u2026) Ustedes tienen que ser custodios de la justicia social, tienen que estar ah\u00ed para recordarles al servicio de qui\u00e9nes est\u00e1n.\u201d<\/p>\n<p>\u201cNo solo protestan, que est\u00e1 muy bien protestar, sino que realizan innumerables obras de inclusi\u00f3n desde la m\u00e1s absoluta precariedad; a veces sin ninguna ayuda del Estado y otras perseguidos. Los acompa\u00f1o en su camino\u201d, insisti\u00f3 el Papa.<\/p>\n<p>En este sentido, remarc\u00f3 que \u201csi el pueblo pobre no se resigna, si el pueblo se organiza y persevera en la construcci\u00f3n comunitaria cotidiana, y si a la vez lucha contra las estructuras de injusticia social, m\u00e1s tarde o m\u00e1s temprano las cosas cambiar\u00e1n para bien\u201d.<\/p>\n<p>Antes de cuestionar la inversi\u00f3n en la represi\u00f3n por sobre la respuesta a los sectores m\u00e1s pobres, Francisco critic\u00f3 la \u201cmeritocracia\u201d y la violencia verbal. \u201cEl silencio indiferente habilita el rugido del odio. El silencio frente a la injusticia abre paso a la divisi\u00f3n social, esta abre paso a la violencia verbal, esta abre paso a la violencia f\u00edsica y est\u00e1 a la guerra de todos contra todos\u201d. Luego de decir esto, se refiri\u00f3 a la represi\u00f3n contra los jubilados argentinos.<\/p>\n<p>Tambi\u00e9n cuestion\u00f3 la meritocracia. \u201cMuchas veces las grandes fortunas poco tienen que ver con el m\u00e9rito. Son provenientes de rentas, herencias, explotaci\u00f3n de personas, expoliaci\u00f3n de la naturaleza, especulaci\u00f3n financiera o la evasi\u00f3n impositiva\u201d, defini\u00f3.<\/p>\n<p>\u201cSi no hay buenas pol\u00edticas racionales y equitativas que afiancen la justicia social para que todos tengan tierra, techo y trabajo, un salario justo y los derechos sociales adecuados, la l\u00f3gica del descarte se va a extender dejando a su paso violencia y desolaci\u00f3n\u201d, a\u00f1adi\u00f3.<\/p>\n","protected":false},"excerpt":{"rendered":"<p>Francisco cuestion\u00f3 la pol\u00edtica de represi\u00f3n de la administraci\u00f3n libertaria contra las manifestaciones y cont\u00f3 que vio un video de la avanzada policial contra los jubilados frente al Congreso. Se\u00f1al\u00f3 el uso de &#8220;una cosa que es lo m\u00e1s caro que hay, que es el gas pimienta de primera calidad\u201d &nbsp; &nbsp; Durante un encuentro con movimientos populares que tuvo lugar en el Vaticano, el papa Francisco critic\u00f3 duramente al gobierno de Javier Milei por desatar su pol\u00edtica de represi\u00f3n contra los jubilados en vez de responder a sus demandas&#8230;.<\/p>\n","protected":false},"author":3,"featured_media":120421,"comment_status":"closed","ping_status":"closed","sticky":false,"template":"","format":"standard","meta":[],"categories":[9],"tags":[],"_links":{"self":[{"href":"https:\/\/www.actualidadadiario.com\/index.php\/wp-json\/wp\/v2\/posts\/120420"}],"collection":[{"href":"https:\/\/www.actualidadadiario.com\/index.php\/wp-json\/wp\/v2\/posts"}],"about":[{"href":"https:\/\/www.actualidadadiario.com\/index.php\/wp-json\/wp\/v2\/types\/post"}],"author":[{"embeddable":true,"href":"https:\/\/www.actualidadadiario.com\/index.php\/wp-json\/wp\/v2\/users\/3"}],"replies":[{"embeddable":true,"href":"https:\/\/www.actualidadadiario.com\/index.php\/wp-json\/wp\/v2\/comments?post=120420"}],"version-history":[{"count":1,"href":"https:\/\/www.actualidadadiario.com\/index.php\/wp-json\/wp\/v2\/posts\/120420\/revisions"}],"predecessor-version":[{"id":120422,"href":"https:\/\/www.actualidadadiario.com\/index.php\/wp-json\/wp\/v2\/posts\/120420\/revisions\/120422"}],"wp:featuredmedia":[{"embeddable":true,"href":"https:\/\/www.actualidadadiario.com\/index.php\/wp-json\/wp\/v2\/media\/120421"}],"wp:attachment":[{"href":"https:\/\/www.actualidadadiario.com\/index.php\/wp-json\/wp\/v2\/media?parent=120420"}],"wp:term":[{"taxonomy":"category","embeddable":true,"href":"https:\/\/www.actualidadadiario.com\/index.php\/wp-json\/wp\/v2\/categories?post=120420"},{"taxonomy":"post_tag","embeddable":true,"href":"https:\/\/www.actualidadadiario.com\/index.php\/wp-json\/wp\/v2\/tags?post=120420"}],"curies":[{"name":"wp","href":"https:\/\/api.w.org\/{rel}","templated":true}]}}