{"id":120415,"date":"2024-09-20T11:26:40","date_gmt":"2024-09-20T14:26:40","guid":{"rendered":"https:\/\/www.actualidadadiario.com\/?p=120415"},"modified":"2024-09-20T11:26:40","modified_gmt":"2024-09-20T14:26:40","slug":"fuerte-rechazo-al-posible-desmantelamiento-de-las-oficinas-que-anses-y-pami-tiene-en-chajari","status":"publish","type":"post","link":"https:\/\/www.actualidadadiario.com\/index.php\/2024\/09\/20\/fuerte-rechazo-al-posible-desmantelamiento-de-las-oficinas-que-anses-y-pami-tiene-en-chajari\/","title":{"rendered":"Fuerte rechazo al posible desmantelamiento de las oficinas que Anses y PAMI tiene en Chajar\u00ed"},"content":{"rendered":"<p style=\"text-align: center;\"><em><strong>\u201cEs irrazonable e inaudito que no se alce la voz frente a este atropello que podr\u00eda derivar en el desmantelamiento del Anses y el PAMI, como ya ocurri\u00f3 en otras localidades del pa\u00eds y la provincia\u201d, advirtieron desde Juntos por Chajar\u00ed. \u201cChajar\u00ed y sus vecinos no se merecen esto\u201d, expresaron<\/strong><\/em><\/p>\n<p>&nbsp;<\/p>\n<p>&nbsp;<\/p>\n<p>Juntos por Chajar\u00ed envi\u00f3 un comunicado en el que manifiesta su preocupaci\u00f3n por ambas oficinas: \u201cLas oficinas de Anses y PAMI son dependencias del Gobierno Nacional que brindan un servicio fundamental a la comunidad de Chajar\u00ed y a toda la regi\u00f3n, especialmente a la poblaci\u00f3n vulnerable, a los jubilados y pensionados.\u201d.<\/p>\n<p>\u201cSin embargo hoy su destino es incierto, ya que los inmuebles donde funcionan deben ser desocupados en un lapso breve por requerimiento de su propietario\u201d.<\/p>\n<p>\u201cNada certero se sabe del futuro de estas dependencias. Sin embargo en declaraciones period\u00edsticas un Concejal libertario hizo saber -con liviandad- que las mismas podr\u00edan ser trasladadas a una localidad vecina o a Concordia\u201d, sostuvieron desde Juntos.<\/p>\n<p>\u201cEs irrazonable e inaudito que un representante de la comunidad no alce su voz frente a este atropello que podr\u00eda derivar en el desmantelamiento del Anses y el PAMI, como ya ocurri\u00f3 en otras localidades del pa\u00eds y la provincia\u201d, advirtieron.<\/p>\n<p>\u201cChajar\u00ed y sus vecinos no se merecen esto, trat\u00e1ndose de la quinta ciudad m\u00e1s importante de Entre R\u00edos y la de mayor poblaci\u00f3n en el departamento. Por eso, si algo de eso sucede ser\u00e1n responsables de privar a la poblaci\u00f3n de servicios esenciales, con todo lo que ello conlleva\u201d.<\/p>\n<p>\u201cEl Estado Nacional, y sus referentes locales, son responsables de garantizar esta continuidad y no pueden desentenderse, a no ser que tengan la intenci\u00f3n deliberada de cerrar las oficinas del Anses y el PAMI\u201d.<\/p>\n<p>\u201cEn el contexto de las transformaciones que vivimos, el Gobierno central acumula recursos y le retacea los mismos a provincias y municipios por intermedio de distintas medidas. Cada nivel del Estado -Naci\u00f3n, Provincia y Municipio- no puede eludir sus responsabilidades y cada uno debe atender lo suyo\u201d.<\/p>\n<p>\u201cNi la Provincia ni el Municipio tienen, en la ciudad, espacios propios que se puedan destinar para suplir la incapacidad de los funcionarios para conseguir nuevos inmuebles, de cercan\u00eda, donde Anses y PAMI puedan reubicarse. Tampoco podemos asumir m\u00e1s funciones que no son propias, porque nos hacemos cargo de lo que nos compete y de mucho m\u00e1s\u201d.<\/p>\n<p>\u201cLos vecinos de Chajar\u00ed deben saber que el Gobierno municipal invierte, mensualmente, una cifra millonaria en el pago del alquiler del inmueble que ocupa la Polic\u00eda Federal Argentina. Adem\u00e1s cede sus instalaciones, sin costo, para que en dependencias del Municipio funcionen las oficinas de la Secretar\u00eda Nacional de la Ni\u00f1ez, Adolescencia y Familia, del Instituto Nacional de Tecnolog\u00eda Agropecuaria (INTA) y del Servicio Nacional de Sanidad y Calidad Agroalimentaria (Senasa), todos ellos organismos que dependen del Gobierno Nacional\u201d.<\/p>\n<p>\u201cUn cap\u00edtulo aparte deber\u00edamos dedicar a todas las funciones que el Estado Nacional cumpl\u00eda, y que hoy no cumple, y que terminan obligando a los gobiernos municipales a acudir en auxilio de sus vecinos\u201d, agregaron.<\/p>\n<p>\u201cEn s\u00edntesis, exhortamos a las autoridades y dirigentes locales que representan al Gobierno Nacional a bregar -sin descanso- por la continuidad del Anses y el PAMI en Chajar\u00ed; a luchar para que no se cierren las oficinas en la ciudad; a evitar el traslado de las oficinas a otras ciudades y a lograr un entendimiento con propietarios de inmuebles, privados y particulares, para alquilar instalaciones funcionales donde -en conjunto o por separado- se puedan reubicar Anses y PAMI\u201d.<\/p>\n","protected":false},"excerpt":{"rendered":"<p>\u201cEs irrazonable e inaudito que no se alce la voz frente a este atropello que podr\u00eda derivar en el desmantelamiento del Anses y el PAMI, como ya ocurri\u00f3 en otras localidades del pa\u00eds y la provincia\u201d, advirtieron desde Juntos por Chajar\u00ed. \u201cChajar\u00ed y sus vecinos no se merecen esto\u201d, expresaron &nbsp; &nbsp; Juntos por Chajar\u00ed envi\u00f3 un comunicado en el que manifiesta su preocupaci\u00f3n por ambas oficinas: \u201cLas oficinas de Anses y PAMI son dependencias del Gobierno Nacional que brindan un servicio fundamental a la comunidad de Chajar\u00ed y a&#8230;<\/p>\n","protected":false},"author":3,"featured_media":120416,"comment_status":"closed","ping_status":"closed","sticky":false,"template":"","format":"standard","meta":[],"categories":[15],"tags":[],"_links":{"self":[{"href":"https:\/\/www.actualidadadiario.com\/index.php\/wp-json\/wp\/v2\/posts\/120415"}],"collection":[{"href":"https:\/\/www.actualidadadiario.com\/index.php\/wp-json\/wp\/v2\/posts"}],"about":[{"href":"https:\/\/www.actualidadadiario.com\/index.php\/wp-json\/wp\/v2\/types\/post"}],"author":[{"embeddable":true,"href":"https:\/\/www.actualidadadiario.com\/index.php\/wp-json\/wp\/v2\/users\/3"}],"replies":[{"embeddable":true,"href":"https:\/\/www.actualidadadiario.com\/index.php\/wp-json\/wp\/v2\/comments?post=120415"}],"version-history":[{"count":1,"href":"https:\/\/www.actualidadadiario.com\/index.php\/wp-json\/wp\/v2\/posts\/120415\/revisions"}],"predecessor-version":[{"id":120417,"href":"https:\/\/www.actualidadadiario.com\/index.php\/wp-json\/wp\/v2\/posts\/120415\/revisions\/120417"}],"wp:featuredmedia":[{"embeddable":true,"href":"https:\/\/www.actualidadadiario.com\/index.php\/wp-json\/wp\/v2\/media\/120416"}],"wp:attachment":[{"href":"https:\/\/www.actualidadadiario.com\/index.php\/wp-json\/wp\/v2\/media?parent=120415"}],"wp:term":[{"taxonomy":"category","embeddable":true,"href":"https:\/\/www.actualidadadiario.com\/index.php\/wp-json\/wp\/v2\/categories?post=120415"},{"taxonomy":"post_tag","embeddable":true,"href":"https:\/\/www.actualidadadiario.com\/index.php\/wp-json\/wp\/v2\/tags?post=120415"}],"curies":[{"name":"wp","href":"https:\/\/api.w.org\/{rel}","templated":true}]}}