{"id":120412,"date":"2024-09-20T11:11:33","date_gmt":"2024-09-20T14:11:33","guid":{"rendered":"https:\/\/www.actualidadadiario.com\/?p=120412"},"modified":"2024-09-20T11:11:33","modified_gmt":"2024-09-20T14:11:33","slug":"incendios-en-cordoba-el-viento-complica-el-trabajo-de-los-bomberos-y-el-fuego-avanzo-sobre-algunas-viviendas","status":"publish","type":"post","link":"https:\/\/www.actualidadadiario.com\/index.php\/2024\/09\/20\/incendios-en-cordoba-el-viento-complica-el-trabajo-de-los-bomberos-y-el-fuego-avanzo-sobre-algunas-viviendas\/","title":{"rendered":"Incendios en C\u00f3rdoba: el viento complica el trabajo de los bomberos y el fuego avanz\u00f3 sobre algunas viviendas"},"content":{"rendered":"<p style=\"text-align: center;\"><em><strong>El paso de las llamas oblig\u00f3 a cortar dos rutas tur\u00edsticas, las autov\u00edas 28 y 38. Las r\u00e1fagas avivan los focos activos en Capilla del Monte. Hay 50 evacuados, entre ellos el intendente de la zona, y dos casas fueron quemadas<\/strong><\/em><\/p>\n<p>&nbsp;<\/p>\n<p>&nbsp;<\/p>\n<p>El fuego azota una vez m\u00e1s a la provincia de C\u00f3rdoba. Un amanecer con el sol que asomaba entre el humo para un viernes en el cual se registran cuatro focos activos. Entre ellos, uno de gran magnitud en la localidad de Capilla del Monte (Valle de Punilla), sitio que posee uno de los principales atractivos tur\u00edsticos de la regi\u00f3n. Por las llamas y el humo, cortaron totalmente las rutas nacionales 28 y 38. Adem\u00e1s, dos casas quedaron atrapadas por el fuego, mientras los bomberos mojan otras viviendas para evitar que el siniestro avance sobre ellas.<\/p>\n<p>\u201cEn el barrio Valenti, en Capilla del Monte, el viento no est\u00e1 ayudando para nada, el fuego est\u00e1 muy cerca de las casas, en segundos arrasa con todo. No tuvimos noche, nos cuesta respirar, ning\u00fan vecino durmi\u00f3, los aviones hidrantes reci\u00e9n est\u00e1n apareciendo\u201d, se quej\u00f3 una vecina a la se\u00f1al TN y agreg\u00f3 que hay muchos animales escapando de la zona por el fuego y la falta de agua. \u201cHasta el intendente de la zona, Fabricio D\u00edaz, tuvo que evacuar su vivienda en el barrio La Toma, al pie de la monta\u00f1a\u201d, informaron desde LN+.<\/p>\n<p>El incendio de Capilla del Monte tuvo como consecuencia a unas 50 personas evacuadas por riesgo de que el fuego alcance las viviendas. Gracias al esfuerzo de la brigada esto no sucedi\u00f3 y ya pudieron retornar nuevamente a sus domicilios.<\/p>\n<p>Aguas de las piletas de los vecinos, baldazos, paladas de tierra, todo sum\u00f3 para combatir el fuego durante la noche cordobesa en el Valle de Punilla, como en el Barrio Las Gemelas.<\/p>\n<p>La interrupci\u00f3n del tr\u00e1nsito ocurre a la altura de Dolores, donde est\u00e1n trabajando bomberos del corredor de Punilla Norte, con la asistencia de aviones hidrantes, polic\u00eda caminera, personal del Equipo T\u00e9cnico de Acci\u00f3n ante Cat\u00e1strofes y miembros del Plan Provincial de Manejo del Fuego. \u201cHay mucho viento del noreste y el fuego cruz\u00f3 la ruta. El incendio va para el lado del cerro Las Gemelas. Mantenemos el alerta por riesgo de incendios forestales que va a llevar un par de d\u00edas\u201d, alert\u00f3 el vocero de la Secretar\u00eda de Gesti\u00f3n de Riesgo Clim\u00e1tico, Cat\u00e1strofes y Protecci\u00f3n Civil, Roberto Schreiner.<\/p>\n<p>En tanto la ruta 28 tuvo que ser interrumpida por el avance del fuego cerca de los t\u00faneles de Chancan\u00ed, seg\u00fan detallaron fuentes que participan del operativo.<\/p>\n<p>\u201cHay algunos autoevacuados por el humo y hay otras personas que se trasladaron con ayuda de Protecci\u00f3n Civil de la Provincia. En Chancan\u00ed tambi\u00e9n est\u00e1n evacuando\u201d, confirm\u00f3 por otro lado Roberto Schreiner.<\/p>\n<p>Seg\u00fan el \u00faltimo reporte oficial del Gobierno provincial, el segundo incendio se report\u00f3 en la localidad de Colazo, departamento R\u00edo Segundo, donde trabajan bomberos de las estaciones regionales 4 y 9.<\/p>\n<p>En el mismo departamento, bomberos voluntarios de Sebasti\u00e1n Elcano luchan contra el fuego con asistencia de aviones hidrantes en un tercer foco. Por \u00faltimo, otro frente de incendio se registra en el pueblo de Reducci\u00f3n, cerca de R\u00edo Cuarto. All\u00ed est\u00e1n trabajando bomberos de esa ciudad con asistencia de cuarteles cercanos.<\/p>\n<p>Desde la Secretar\u00eda de Gesti\u00f3n de Riesgo Clim\u00e1tico, Cat\u00e1strofes y Protecci\u00f3n Civil informaron que en la zona hay alerta extremo. Las condiciones clim\u00e1ticas que atraviesa la provincia se mantendr\u00e1n al menos hasta el pr\u00f3ximo lunes, por lo que en caso de divisar una columna de humo pidieron llamar al 0800-FUEGO (888 38346), 100 (Bomberos) o 911 (Polic\u00eda).<\/p>\n<p>&nbsp;<\/p>\n<p><strong>Los bomberos combatieron m\u00e1s incendios durante la madrugada<\/strong><\/p>\n<p>Con este clima la tranquilidad en la provincia es intermitente. De forma repetida van apareciendo focos debido a los fuertes vientos que se combinan con temperaturas altas y poca humedad.<\/p>\n<p>Durante la noche los vecinos de Monte Ma\u00edz, La Falda, Capilla del Monte y La Traves\u00eda, pr\u00f3ximo a San Javier, informaron sobre columnas de humo. Las tareas de los bomberos se extendieron en esos lugares a lo largo de toda la madrugada.<\/p>\n<p>En la regi\u00f3n del Valle de Traslasierra trabajaron bomberos voluntarios de los cuarteles de Los Hornillos, Villa de las Rosas, Villa Dolores, Mina Clavero, San Javier y La Paz. Mientras que en el departamento de Punilla lo hicieron los de todo el corredor norte de ese valle.<\/p>\n<p>El Servicio Meteorol\u00f3gico Nacional hab\u00eda anticipado fuertes vientos en la norte y oeste de la provincia, con r\u00e1fagas de hasta 70 kil\u00f3metros por hora. Por este fen\u00f3meno lanzaron una alerta amarilla. Tambi\u00e9n se pronostic\u00f3 una temperatura m\u00e1xima de 33 grados y una humedad del 16%, condiciones ideales para la proliferaci\u00f3n de incendios.<\/p>\n<p>Hasta el momento, el fuego consumi\u00f3 ya m\u00e1s de 23.500 hect\u00e1reas en el territorio cordob\u00e9s en lo que va del a\u00f1o. Y la cifra seguir\u00e1 en aumento. Adem\u00e1s, seg\u00fan los reportes oficiales ya se combatieron m\u00e1s de 1.500 incendios.<\/p>\n<p>Los \u00faltimos incidentes no provocaron v\u00edctimas fatales, aunque s\u00ed causaron m\u00faltiples evacuaciones en distintos puntos de la provincia. Tambi\u00e9n la poblaci\u00f3n se vio afectada por la intensa presencia de humo, que perjudica sobre todo a quienes tienen problemas respiratorios y suele impedir algunas actividades tur\u00edsticas.<\/p>\n","protected":false},"excerpt":{"rendered":"<p>El paso de las llamas oblig\u00f3 a cortar dos rutas tur\u00edsticas, las autov\u00edas 28 y 38. Las r\u00e1fagas avivan los focos activos en Capilla del Monte. Hay 50 evacuados, entre ellos el intendente de la zona, y dos casas fueron quemadas &nbsp; &nbsp; El fuego azota una vez m\u00e1s a la provincia de C\u00f3rdoba. Un amanecer con el sol que asomaba entre el humo para un viernes en el cual se registran cuatro focos activos. Entre ellos, uno de gran magnitud en la localidad de Capilla del Monte (Valle de&#8230;<\/p>\n","protected":false},"author":3,"featured_media":120413,"comment_status":"closed","ping_status":"closed","sticky":false,"template":"","format":"standard","meta":[],"categories":[2],"tags":[],"_links":{"self":[{"href":"https:\/\/www.actualidadadiario.com\/index.php\/wp-json\/wp\/v2\/posts\/120412"}],"collection":[{"href":"https:\/\/www.actualidadadiario.com\/index.php\/wp-json\/wp\/v2\/posts"}],"about":[{"href":"https:\/\/www.actualidadadiario.com\/index.php\/wp-json\/wp\/v2\/types\/post"}],"author":[{"embeddable":true,"href":"https:\/\/www.actualidadadiario.com\/index.php\/wp-json\/wp\/v2\/users\/3"}],"replies":[{"embeddable":true,"href":"https:\/\/www.actualidadadiario.com\/index.php\/wp-json\/wp\/v2\/comments?post=120412"}],"version-history":[{"count":1,"href":"https:\/\/www.actualidadadiario.com\/index.php\/wp-json\/wp\/v2\/posts\/120412\/revisions"}],"predecessor-version":[{"id":120414,"href":"https:\/\/www.actualidadadiario.com\/index.php\/wp-json\/wp\/v2\/posts\/120412\/revisions\/120414"}],"wp:featuredmedia":[{"embeddable":true,"href":"https:\/\/www.actualidadadiario.com\/index.php\/wp-json\/wp\/v2\/media\/120413"}],"wp:attachment":[{"href":"https:\/\/www.actualidadadiario.com\/index.php\/wp-json\/wp\/v2\/media?parent=120412"}],"wp:term":[{"taxonomy":"category","embeddable":true,"href":"https:\/\/www.actualidadadiario.com\/index.php\/wp-json\/wp\/v2\/categories?post=120412"},{"taxonomy":"post_tag","embeddable":true,"href":"https:\/\/www.actualidadadiario.com\/index.php\/wp-json\/wp\/v2\/tags?post=120412"}],"curies":[{"name":"wp","href":"https:\/\/api.w.org\/{rel}","templated":true}]}}