{"id":120409,"date":"2024-09-20T11:10:27","date_gmt":"2024-09-20T14:10:27","guid":{"rendered":"https:\/\/www.actualidadadiario.com\/?p=120409"},"modified":"2024-09-20T11:10:27","modified_gmt":"2024-09-20T14:10:27","slug":"crisis-universitaria-docentes-anunciaron-tres-dias-de-paro-en-todo-el-pais-y-una-marcha-nacional","status":"publish","type":"post","link":"https:\/\/www.actualidadadiario.com\/index.php\/2024\/09\/20\/crisis-universitaria-docentes-anunciaron-tres-dias-de-paro-en-todo-el-pais-y-una-marcha-nacional\/","title":{"rendered":"Crisis universitaria: docentes anunciaron tres d\u00edas de paro en todo el pa\u00eds y una marcha nacional"},"content":{"rendered":"<p style=\"text-align: center;\"><em><strong>Lo hizo la CONADU, la federaci\u00f3n de docentes universitarios m\u00e1s importante a nivel nacional. Reclaman mejoras salariales y defienden el presupuesto votado por el Congreso. \u00bfCu\u00e1ndo paran y qu\u00e9 d\u00eda ser\u00e1 la marcha?<\/strong><\/em><\/p>\n<p>&nbsp;<\/p>\n<p>&nbsp;<\/p>\n<p>Tras el anuncio del veto al presupuesto universitario hecho por el presidente Javier Milei, la CONADU, la federaci\u00f3n de docentes universitarios m\u00e1s importantes del pa\u00eds, convoc\u00f3 un paro nacional para el jueves 25 y viernes 26 de septiembre y un paro y Marcha Nacional Universitaria para el 2 de octubre. Denuncian una p\u00e9rdida del poder adquisitivo de cerca del 75% desde que diciembre pasado.<\/p>\n<p>Adem\u00e1s realizar\u00e1n los pr\u00f3ximos lunes, martes y mi\u00e9rcoles jornadas de visibilizaci\u00f3n de la crisis que est\u00e1 atravesando el sector. De esta manera, se suman a las medidas anunciadas por la federaci\u00f3n de no docentes, FATUN, y sindicatos de docentes de la UBA que hab\u00edan convocado a un paro para el viernes 26. Se espera que otros gremios de la comunidad universitaria se sumen a las medidas de fuerzas.<\/p>\n<p>&#8220;Nos preocupa que se incumplan leyes nacionales de financiamiento de la educaci\u00f3n superior, la ciencia y la tecnolog\u00eda&#8221;, se\u00f1al\u00f3 Pablo Perazzi, secretario general de FEDUBA Sindicato de Docentes de la UBA y uno de los dirigentes la CONADU que vot\u00f3 las medidas de fuerza.<\/p>\n<p>La expectativa de los y las docentes est\u00e1 puesta en la nueva marcha universitaria. Por eso decidieron en el plenario de la CONADU, proponer al Frente Sindical, que re\u00fane a las dem\u00e1s federaciones de la comunidad universitaria, realizar en conjunto una gran movilizaci\u00f3n en unidad con paro que emule a la realizada en abril.<\/p>\n<p>Si bien a los docentes no les sorprende el brutal recorte sobre las universidades nacionales y el sistema cient\u00edfico tecnol\u00f3gico, Perazzi afirm\u00f3 que s\u00ed lo hace el intento de &#8220;enga\u00f1ar a la ciudadan\u00eda sosteniendo que un pa\u00eds puede desarrollarse reduciendo al m\u00ednimo la formaci\u00f3n de cient\u00edficos y profesionales universitarios&#8221;.<\/p>\n<p>&#8220;Parece que el Gobierno cree que formar m\u00e9dicos, ingenieros, cient\u00edficos sociales o programadores es una cuesti\u00f3n de la &#8216;casta&#8217; o de los &#8216;depravados fiscales&#8217;. La desconexi\u00f3n con la realidad es alarmante&#8221;, advirti\u00f3 a este medio.<\/p>\n<p>&nbsp;<\/p>\n<p><strong>Presupuesto: otro recorte a universidades nacionales<\/strong><\/p>\n<p>El ajuste a las universidades nacionales p\u00fablicas podr\u00eda profundizarse en 2025. Tras el anuncio al veto a la ley de financiamiento universitario anunciado por Javier Milei, el Gobierno Nacional decidi\u00f3 mantener la suspensi\u00f3n del Fondo de Incentivo Docente y asign\u00f3 a las universidades nacionales casi la mitad de los recursos que solicitaron, seg\u00fan se desprende del proyecto de Presupuesto del a\u00f1o que viene.<\/p>\n<p>El oficialismo asign\u00f3 a las altas casas de estudios $3,8 billones, mientras que el Consejo Interuniversitario Nacional (CIN) est\u00e1n pidiendo para poder funcionar $7,2 millones.<\/p>\n<p>A eso se suma que se mantiene la suspensi\u00f3n del Fondo de Incentivo Docente que rige desde enero y que provoc\u00f3 quejas de la oposici\u00f3n de la C\u00e1mara de Diputados, que busc\u00f3, aunque todav\u00eda sin \u00e9xito por diferencias en los bloques opositores, sancionar una ley para restituir el FONID.<\/p>\n","protected":false},"excerpt":{"rendered":"<p>Lo hizo la CONADU, la federaci\u00f3n de docentes universitarios m\u00e1s importante a nivel nacional. Reclaman mejoras salariales y defienden el presupuesto votado por el Congreso. \u00bfCu\u00e1ndo paran y qu\u00e9 d\u00eda ser\u00e1 la marcha? &nbsp; &nbsp; Tras el anuncio del veto al presupuesto universitario hecho por el presidente Javier Milei, la CONADU, la federaci\u00f3n de docentes universitarios m\u00e1s importantes del pa\u00eds, convoc\u00f3 un paro nacional para el jueves 25 y viernes 26 de septiembre y un paro y Marcha Nacional Universitaria para el 2 de octubre. Denuncian una p\u00e9rdida del poder&#8230;<\/p>\n","protected":false},"author":3,"featured_media":120410,"comment_status":"closed","ping_status":"closed","sticky":false,"template":"","format":"standard","meta":[],"categories":[2],"tags":[],"_links":{"self":[{"href":"https:\/\/www.actualidadadiario.com\/index.php\/wp-json\/wp\/v2\/posts\/120409"}],"collection":[{"href":"https:\/\/www.actualidadadiario.com\/index.php\/wp-json\/wp\/v2\/posts"}],"about":[{"href":"https:\/\/www.actualidadadiario.com\/index.php\/wp-json\/wp\/v2\/types\/post"}],"author":[{"embeddable":true,"href":"https:\/\/www.actualidadadiario.com\/index.php\/wp-json\/wp\/v2\/users\/3"}],"replies":[{"embeddable":true,"href":"https:\/\/www.actualidadadiario.com\/index.php\/wp-json\/wp\/v2\/comments?post=120409"}],"version-history":[{"count":1,"href":"https:\/\/www.actualidadadiario.com\/index.php\/wp-json\/wp\/v2\/posts\/120409\/revisions"}],"predecessor-version":[{"id":120411,"href":"https:\/\/www.actualidadadiario.com\/index.php\/wp-json\/wp\/v2\/posts\/120409\/revisions\/120411"}],"wp:featuredmedia":[{"embeddable":true,"href":"https:\/\/www.actualidadadiario.com\/index.php\/wp-json\/wp\/v2\/media\/120410"}],"wp:attachment":[{"href":"https:\/\/www.actualidadadiario.com\/index.php\/wp-json\/wp\/v2\/media?parent=120409"}],"wp:term":[{"taxonomy":"category","embeddable":true,"href":"https:\/\/www.actualidadadiario.com\/index.php\/wp-json\/wp\/v2\/categories?post=120409"},{"taxonomy":"post_tag","embeddable":true,"href":"https:\/\/www.actualidadadiario.com\/index.php\/wp-json\/wp\/v2\/tags?post=120409"}],"curies":[{"name":"wp","href":"https:\/\/api.w.org\/{rel}","templated":true}]}}