{"id":12040,"date":"2017-05-23T10:18:43","date_gmt":"2017-05-23T13:18:43","guid":{"rendered":"http:\/\/actualidadadiario.com\/site\/?p=12040"},"modified":"2017-05-23T10:18:43","modified_gmt":"2017-05-23T13:18:43","slug":"movilizacion-para-pedir-la-liberacion-de-sala-ante-la-cidh","status":"publish","type":"post","link":"https:\/\/www.actualidadadiario.com\/index.php\/2017\/05\/23\/movilizacion-para-pedir-la-liberacion-de-sala-ante-la-cidh\/","title":{"rendered":"Movilizaci\u00f3n para pedir la liberaci\u00f3n de Sala ante la CIDH"},"content":{"rendered":"<p><em><strong>La protesta tendr\u00e1 lugar este martes a las 18:00 y se prev\u00e9 que participen distintas organizaciones sociales. Convoca el Foro por la Libertad y la Democracia<\/strong><\/em><\/p>\n<p>&nbsp;<\/p>\n<p>&nbsp;<\/p>\n<p>&nbsp;<\/p>\n<p>&nbsp;<\/p>\n<p>El Foro por la Libertad y la Democracia convoc\u00f3 a una marcha y acto para este martes frente al Hotel Sheraton del barrio porte\u00f1o de Retiro, donde sesiona la Comisi\u00f3n Interamericana de Derechos Humanos (CIDH), para reclamar que se ponga fin a la detenci\u00f3n de Milagro Sala.<\/p>\n<p>&nbsp;<\/p>\n<p>La protesta tendr\u00e1 lugar este martes a las 18:00 y se prev\u00e9 que participen distintas organizaciones sociales.<\/p>\n<p>&nbsp;<\/p>\n<p>El viernes pasado, el Foro por la Libertad y la Democracia entreg\u00f3 al Relator para la Rep\u00fablica Argentina de la CIDH, Francisco Eguiguren, un documento elaborado por m\u00e1s de cien organizaciones sobre &#8220;violaciones a los derechos humanos&#8221; en Argentina.<\/p>\n<p>&nbsp;<\/p>\n<p>El referente de la Tupac y miembro del Comit\u00e9 por la Libertad de Milagro Sala Alejandro &#8220;Coco&#8221; Garfagnini anticip\u00f3 que durante el acto convocado exigir\u00e1 la renuncia de secretario de Derechos Humanos de la Naci\u00f3n, Claudio Avruj.<\/p>\n<p>&nbsp;<\/p>\n<p>&#8220;Avruj minti\u00f3 a todos los argentinos cuando dijo que el mandato de la ONU que exig\u00eda liberar a Milagro iba a ser sujeto a revisi\u00f3n. Lo hizo para dilatar su liberaci\u00f3n.<\/p>\n","protected":false},"excerpt":{"rendered":"<p>La protesta tendr\u00e1 lugar este martes a las 18:00 y se prev\u00e9 que participen distintas organizaciones sociales. Convoca el Foro por la Libertad y la Democracia &nbsp; &nbsp; &nbsp; &nbsp; El Foro por la Libertad y la Democracia convoc\u00f3 a una marcha y acto para este martes frente al Hotel Sheraton del barrio porte\u00f1o de Retiro, donde sesiona la Comisi\u00f3n Interamericana de Derechos Humanos (CIDH), para reclamar que se ponga fin a la detenci\u00f3n de Milagro Sala. &nbsp; La protesta tendr\u00e1 lugar este martes a las 18:00 y se prev\u00e9&#8230;<\/p>\n","protected":false},"author":3,"featured_media":12041,"comment_status":"closed","ping_status":"closed","sticky":false,"template":"","format":"standard","meta":[],"categories":[18],"tags":[],"_links":{"self":[{"href":"https:\/\/www.actualidadadiario.com\/index.php\/wp-json\/wp\/v2\/posts\/12040"}],"collection":[{"href":"https:\/\/www.actualidadadiario.com\/index.php\/wp-json\/wp\/v2\/posts"}],"about":[{"href":"https:\/\/www.actualidadadiario.com\/index.php\/wp-json\/wp\/v2\/types\/post"}],"author":[{"embeddable":true,"href":"https:\/\/www.actualidadadiario.com\/index.php\/wp-json\/wp\/v2\/users\/3"}],"replies":[{"embeddable":true,"href":"https:\/\/www.actualidadadiario.com\/index.php\/wp-json\/wp\/v2\/comments?post=12040"}],"version-history":[{"count":1,"href":"https:\/\/www.actualidadadiario.com\/index.php\/wp-json\/wp\/v2\/posts\/12040\/revisions"}],"predecessor-version":[{"id":12042,"href":"https:\/\/www.actualidadadiario.com\/index.php\/wp-json\/wp\/v2\/posts\/12040\/revisions\/12042"}],"wp:featuredmedia":[{"embeddable":true,"href":"https:\/\/www.actualidadadiario.com\/index.php\/wp-json\/wp\/v2\/media\/12041"}],"wp:attachment":[{"href":"https:\/\/www.actualidadadiario.com\/index.php\/wp-json\/wp\/v2\/media?parent=12040"}],"wp:term":[{"taxonomy":"category","embeddable":true,"href":"https:\/\/www.actualidadadiario.com\/index.php\/wp-json\/wp\/v2\/categories?post=12040"},{"taxonomy":"post_tag","embeddable":true,"href":"https:\/\/www.actualidadadiario.com\/index.php\/wp-json\/wp\/v2\/tags?post=12040"}],"curies":[{"name":"wp","href":"https:\/\/api.w.org\/{rel}","templated":true}]}}