{"id":120397,"date":"2024-09-20T11:05:15","date_gmt":"2024-09-20T14:05:15","guid":{"rendered":"https:\/\/www.actualidadadiario.com\/?p=120397"},"modified":"2024-09-20T11:05:15","modified_gmt":"2024-09-20T14:05:15","slug":"una-maestra-chaquena-fue-nominada-a-un-premio-internacional","status":"publish","type":"post","link":"https:\/\/www.actualidadadiario.com\/index.php\/2024\/09\/20\/una-maestra-chaquena-fue-nominada-a-un-premio-internacional\/","title":{"rendered":"Una maestra chaque\u00f1a fue nominada a un premio internacional"},"content":{"rendered":"<p style=\"text-align: center;\"><em><strong>Gloria Cisneros da clases a un reducido grupo de alumnos en el Impenetrable<\/strong><\/em><\/p>\n<p>&nbsp;<\/p>\n<p>&nbsp;<\/p>\n<p>Una maestra chaque\u00f1a, quien ense\u00f1a a un grupo de apenas quince alumnos en el Impenetrable, fue elegida como candidata al Global Teacher Prize, que otorga la Fundaci\u00f3n Varkey.<\/p>\n<p>Gloria Cisneros, de 38 a\u00f1os, es la \u00fanica docente en la escuela primaria 793 &#8220;Don Carlos Arnaldo Jaime&#8221;, donde da clases en un aula de plurigrado.<\/p>\n<p>Los lunes la mujer viaja en moto hasta el paraje La Sara, donde est\u00e1 ubicada la escuela, y all\u00ed pasa toda la semana desde hace ocho a\u00f1os. Al principio solo ten\u00eda un alumno, pero con el paso del tiempo logr\u00f3 que otros ni\u00f1os se inscribieran.<\/p>\n<p>Luego de las clases habituales, en horario matutino, la maestra organiz\u00f3 un contraturno, dirigido a chicos de entre tres y cinco a\u00f1os, con especial \u00e9nfasis en la ense\u00f1anza de lectura y escritura.<\/p>\n<p>Su historia la convirti\u00f3 en una de las candidatas al Global Teacher Prize, un premio premio que reconoce a los mejores maestros del mundo y que otorga un mill\u00f3n de d\u00f3lares.<\/p>\n<p>&#8220;La nominaci\u00f3n me tom\u00f3 por sorpresa, pero lo tomo con tranquilidad. Tengo quince alumnos que vienen durante la ma\u00f1ana y un grupo de oyentes&#8221;, dijo en declaraciones a la prensa local.<\/p>\n<p>Adem\u00e1s, confi\u00f3 que los chicos &#8220;Son como mis hijos, representan much\u00edsimo para m\u00ed. Cuando se tiene sentido de pertenencia, cuesta mucho desprenderse y por eso eleg\u00ed quedarme con ellos&#8221;.<\/p>\n<p>Por su parte, la ministra de Educaci\u00f3n del Chaco, Sof\u00eda Naidenoff, felicit\u00f3 a Cisneros y dej\u00f3 entrever su deseo para que su ejemplo &#8220;pueda ser inspirador a otros docentes, mostrando que desde lejos de los centros urbanos, se puede brindar una educaci\u00f3n de calidad&#8221;.<\/p>\n<p>La Fundaci\u00f3n Varkey seleccion\u00f3 a los docentes destacados de todo el mundo en base a un conjunto de criterios rigurosos que buscan identificar a una maestra que haya realizado un aporte excepcional a la profesi\u00f3n.<\/p>\n<p>El jurado, conocido como The Academy, es un grupo de m\u00e1s de 200 personas conformado por directores de escuela, expertos en educaci\u00f3n, periodistas, funcionarios, empresarios, directores de empresas y cient\u00edficos de todo el mundo.<\/p>\n","protected":false},"excerpt":{"rendered":"<p>Gloria Cisneros da clases a un reducido grupo de alumnos en el Impenetrable &nbsp; &nbsp; Una maestra chaque\u00f1a, quien ense\u00f1a a un grupo de apenas quince alumnos en el Impenetrable, fue elegida como candidata al Global Teacher Prize, que otorga la Fundaci\u00f3n Varkey. Gloria Cisneros, de 38 a\u00f1os, es la \u00fanica docente en la escuela primaria 793 &#8220;Don Carlos Arnaldo Jaime&#8221;, donde da clases en un aula de plurigrado. Los lunes la mujer viaja en moto hasta el paraje La Sara, donde est\u00e1 ubicada la escuela, y all\u00ed pasa toda&#8230;<\/p>\n","protected":false},"author":3,"featured_media":120398,"comment_status":"closed","ping_status":"closed","sticky":false,"template":"","format":"standard","meta":[],"categories":[2],"tags":[],"_links":{"self":[{"href":"https:\/\/www.actualidadadiario.com\/index.php\/wp-json\/wp\/v2\/posts\/120397"}],"collection":[{"href":"https:\/\/www.actualidadadiario.com\/index.php\/wp-json\/wp\/v2\/posts"}],"about":[{"href":"https:\/\/www.actualidadadiario.com\/index.php\/wp-json\/wp\/v2\/types\/post"}],"author":[{"embeddable":true,"href":"https:\/\/www.actualidadadiario.com\/index.php\/wp-json\/wp\/v2\/users\/3"}],"replies":[{"embeddable":true,"href":"https:\/\/www.actualidadadiario.com\/index.php\/wp-json\/wp\/v2\/comments?post=120397"}],"version-history":[{"count":1,"href":"https:\/\/www.actualidadadiario.com\/index.php\/wp-json\/wp\/v2\/posts\/120397\/revisions"}],"predecessor-version":[{"id":120399,"href":"https:\/\/www.actualidadadiario.com\/index.php\/wp-json\/wp\/v2\/posts\/120397\/revisions\/120399"}],"wp:featuredmedia":[{"embeddable":true,"href":"https:\/\/www.actualidadadiario.com\/index.php\/wp-json\/wp\/v2\/media\/120398"}],"wp:attachment":[{"href":"https:\/\/www.actualidadadiario.com\/index.php\/wp-json\/wp\/v2\/media?parent=120397"}],"wp:term":[{"taxonomy":"category","embeddable":true,"href":"https:\/\/www.actualidadadiario.com\/index.php\/wp-json\/wp\/v2\/categories?post=120397"},{"taxonomy":"post_tag","embeddable":true,"href":"https:\/\/www.actualidadadiario.com\/index.php\/wp-json\/wp\/v2\/tags?post=120397"}],"curies":[{"name":"wp","href":"https:\/\/api.w.org\/{rel}","templated":true}]}}