{"id":120394,"date":"2024-09-20T11:03:00","date_gmt":"2024-09-20T14:03:00","guid":{"rendered":"https:\/\/www.actualidadadiario.com\/?p=120394"},"modified":"2024-09-20T11:03:00","modified_gmt":"2024-09-20T14:03:00","slug":"duro-informe-de-la-onu-sobre-la-pobreza-infantil-en-argentina-mas-de-7-millones-de-ninos-viven-en-la-pobreza-esto-es-escandaloso","status":"publish","type":"post","link":"https:\/\/www.actualidadadiario.com\/index.php\/2024\/09\/20\/duro-informe-de-la-onu-sobre-la-pobreza-infantil-en-argentina-mas-de-7-millones-de-ninos-viven-en-la-pobreza-esto-es-escandaloso\/","title":{"rendered":"Duro informe de la ONU sobre la pobreza infantil en Argentina: &#8220;M\u00e1s de 7 millones de ni\u00f1os viven en la pobreza, esto es escandaloso&#8221;"},"content":{"rendered":"<p style=\"text-align: center;\"><em><strong>El informe cuestiona la &#8220;reducci\u00f3n de partidas presupuestarias para la infancia&#8221; y la &#8220;desinversi\u00f3n en salud y educaci\u00f3n durante los \u00faltimos meses&#8221;<\/strong><\/em><\/p>\n<p>&nbsp;<\/p>\n<p>&nbsp;<\/p>\n<p>El Comit\u00e9 de los Derechos del Ni\u00f1o de la Organizaci\u00f3n de Naciones Unidas (ONU) present\u00f3 este jueves en Ginebra un duro informe sobre Argentina en el que cuestion\u00f3 la reducci\u00f3n presupuestaria a las infancias y de las pol\u00edticas p\u00fablicas vinculadas a la ni\u00f1ez.<\/p>\n<p>&#8220;M\u00e1s de siete millones de ni\u00f1os viven en la pobreza, esto es escandaloso&#8221;, lament\u00f3 Hynd Ayoubi Idrissi, experta del Comit\u00e9 y coordinadora del Grupo de Trabajo de Pa\u00eds para la Argentina, durante la presentaci\u00f3n del documento de 17 p\u00e1ginas donde adem\u00e1s, destac\u00f3 que el 14% vive en la pobreza extrema.<\/p>\n<p>El informe cuestiona la &#8220;reducci\u00f3n de partidas presupuestarias para la infancia&#8221; y la &#8220;desinversi\u00f3n en salud y educaci\u00f3n durante los \u00faltimos meses&#8221;, el cierre y reemplazo de Ministerios y Secretar\u00edas que velan por los derechos de los ni\u00f1os por organismos de menor jerarqu\u00eda, y el desmantelamiento del Instituto Nacional contra la Discriminaci\u00f3n (Inadi) y del Ministerio de la Mujer.<\/p>\n<p>En ese sentido, la ONU manifest\u00f3 estar &#8220;profundamente preocupado por la continua y dr\u00e1stica disminuci\u00f3n de las asignaciones presupuestarias para la infancia, incluidas desinversi\u00f3n en salud y educaci\u00f3n en los \u00faltimos meses&#8221;.<\/p>\n<p>En las conclusiones, el Comit\u00e9 de la ONU expres\u00f3 su &#8220;seria preocupaci\u00f3n&#8221; por los &#8220;cambios institucionales y pol\u00edticos propuestos desde finales de 2023 y el impacto que pueden tener en la protecci\u00f3n del derechos de los ni\u00f1os, incluyendo la reducci\u00f3n, fusi\u00f3n y supresi\u00f3n de ministerios; el reemplazo de la Secretar\u00eda Nacional de Ni\u00f1ez, Juventud y Familia (Sennaf) por una nueva subsecretar\u00eda de menor jerarqu\u00eda&#8221;.<\/p>\n<p>Ante el informe, el Gobierno -representado en Ginebra por el subsecretario de Pol\u00edticas Familiares del Ministerio de Capital Humano, Arnoldo Ariel Scherrer Vivas- se defendi\u00f3 y se\u00f1al\u00f3 algunos avances, entre ellos la disminuci\u00f3n de la mortalidad neonatal en un 50% con respecto al nivel de 2002, que junto a otros se\u00f1alamientos fueron volcados en el documento de la ONU. &#8220;La delegaci\u00f3n (argentina) se\u00f1al\u00f3 que la crisis econ\u00f3mica afect\u00f3 gravemente a diversas intervenciones estatales. En respuesta, el Gobierno seguir\u00e1 ampliando las pol\u00edticas p\u00fablicas que benefician a los ni\u00f1os y adolescentes. La asignaci\u00f3n universal para el cuidado de los ni\u00f1os se ha incrementado en un 3% en t\u00e9rminos reales entre 2023 y 2024&#8221;, se\u00f1al\u00f3 el informe.<\/p>\n","protected":false},"excerpt":{"rendered":"<p>El informe cuestiona la &#8220;reducci\u00f3n de partidas presupuestarias para la infancia&#8221; y la &#8220;desinversi\u00f3n en salud y educaci\u00f3n durante los \u00faltimos meses&#8221; &nbsp; &nbsp; El Comit\u00e9 de los Derechos del Ni\u00f1o de la Organizaci\u00f3n de Naciones Unidas (ONU) present\u00f3 este jueves en Ginebra un duro informe sobre Argentina en el que cuestion\u00f3 la reducci\u00f3n presupuestaria a las infancias y de las pol\u00edticas p\u00fablicas vinculadas a la ni\u00f1ez. &#8220;M\u00e1s de siete millones de ni\u00f1os viven en la pobreza, esto es escandaloso&#8221;, lament\u00f3 Hynd Ayoubi Idrissi, experta del Comit\u00e9 y coordinadora del&#8230;<\/p>\n","protected":false},"author":3,"featured_media":118595,"comment_status":"closed","ping_status":"closed","sticky":false,"template":"","format":"standard","meta":[],"categories":[9],"tags":[],"_links":{"self":[{"href":"https:\/\/www.actualidadadiario.com\/index.php\/wp-json\/wp\/v2\/posts\/120394"}],"collection":[{"href":"https:\/\/www.actualidadadiario.com\/index.php\/wp-json\/wp\/v2\/posts"}],"about":[{"href":"https:\/\/www.actualidadadiario.com\/index.php\/wp-json\/wp\/v2\/types\/post"}],"author":[{"embeddable":true,"href":"https:\/\/www.actualidadadiario.com\/index.php\/wp-json\/wp\/v2\/users\/3"}],"replies":[{"embeddable":true,"href":"https:\/\/www.actualidadadiario.com\/index.php\/wp-json\/wp\/v2\/comments?post=120394"}],"version-history":[{"count":1,"href":"https:\/\/www.actualidadadiario.com\/index.php\/wp-json\/wp\/v2\/posts\/120394\/revisions"}],"predecessor-version":[{"id":120396,"href":"https:\/\/www.actualidadadiario.com\/index.php\/wp-json\/wp\/v2\/posts\/120394\/revisions\/120396"}],"wp:featuredmedia":[{"embeddable":true,"href":"https:\/\/www.actualidadadiario.com\/index.php\/wp-json\/wp\/v2\/media\/118595"}],"wp:attachment":[{"href":"https:\/\/www.actualidadadiario.com\/index.php\/wp-json\/wp\/v2\/media?parent=120394"}],"wp:term":[{"taxonomy":"category","embeddable":true,"href":"https:\/\/www.actualidadadiario.com\/index.php\/wp-json\/wp\/v2\/categories?post=120394"},{"taxonomy":"post_tag","embeddable":true,"href":"https:\/\/www.actualidadadiario.com\/index.php\/wp-json\/wp\/v2\/tags?post=120394"}],"curies":[{"name":"wp","href":"https:\/\/api.w.org\/{rel}","templated":true}]}}