{"id":120392,"date":"2024-09-20T10:58:51","date_gmt":"2024-09-20T13:58:51","guid":{"rendered":"https:\/\/www.actualidadadiario.com\/?p=120392"},"modified":"2024-09-20T10:58:51","modified_gmt":"2024-09-20T13:58:51","slug":"la-desocupacion-subio-a-76-en-el-segundo-trimestre-frente-al-mismo-periodo-de-2023","status":"publish","type":"post","link":"https:\/\/www.actualidadadiario.com\/index.php\/2024\/09\/20\/la-desocupacion-subio-a-76-en-el-segundo-trimestre-frente-al-mismo-periodo-de-2023\/","title":{"rendered":"La desocupaci\u00f3n subi\u00f3 a 7,6% en el segundo trimestre frente al mismo per\u00edodo de 2023"},"content":{"rendered":"<p style=\"text-align: center;\"><em><strong>En comparaci\u00f3n al trimestre previo hubo una m\u00ednima baja de 0,1 puntos porcentuales, ya que la desocupaci\u00f3n se ubic\u00f3 en 7,7%. En este marco, la presi\u00f3n sobre el mercado laboral, conformada por el universo de desocupados, subocupados, ocupados demandantes y ocupados no demandantes disponibles, alcanz\u00f3 el 29,7% de la PEA<\/strong><\/em><\/p>\n<p>&nbsp;<\/p>\n<p>&nbsp;<\/p>\n<p>La desocupaci\u00f3n subi\u00f3 a 7,6% en el segundo trimestre de 2024 frente al mismo per\u00edodo de 2023 cuando se ubic\u00f3 en 6,2%, lo que representa 1,4 puntos porcentuales por encima. Frente al trimestre previo hubo una m\u00ednima baja de 0,1 puntos porcentuales, ya que la desocupaci\u00f3n se ubic\u00f3 en 7,7%.<\/p>\n<p>Seg\u00fan inform\u00f3 el Instituto Nacional de Estad\u00edsticas y Censos (INDEC), la tasa de subocupaci\u00f3n marc\u00f3 el 11,8% de la poblaci\u00f3n econ\u00f3micamente activa (PEA &#8211; 48,5% de la poblaci\u00f3n total), mientras que los otros ocupados demandantes y los otros ocupados no demandantes disponibles alcanzaron, en conjunto, el 10,3% de la PEA.<\/p>\n<p>En consecuencia, la presi\u00f3n sobre el mercado laboral, conformada por el universo de desocupados, subocupados, ocupados demandantes y ocupados no demandantes disponibles, alcanz\u00f3 el 29,7% de la PEA.<\/p>\n<p>Dentro del universo de 14 a\u00f1os y m\u00e1s, desagregada por sexo, la tasa de actividad para los varones fue de 70,2%, mientras que para las mujeres se ubic\u00f3 en 52,7%.<\/p>\n<p>A nivel geogr\u00e1fico, las regiones que presentaron mayores tasas de actividad fueron Gran Buenos Aires (49,4%), Pampeana (49,1%) y Cuyo (47,4%). La regi\u00f3n con la menor tasa de actividad fue Noreste (44,5%).<\/p>\n<p>Dentro de la poblaci\u00f3n activa, se destac\u00f3 que el 73,8% son asalariados y, de ellos, el 36,4% no cuenta con descuento jubilatorio. Por otra parte, el 23% trabajan por cuenta propia, el 3,0% son patrones y el 0,3% son trabajadores familiares sin remuneraci\u00f3n.<\/p>\n<p>Entre los asalariados ocupados, el 4,1% utiliz\u00f3 sus propias maquinarias\/equipos para realizar su trabajo. Al mismo tiempo, del total de ocupados, el 8,1% trabaj\u00f3 desde la vivienda.<\/p>\n<p>Al analizar la poblaci\u00f3n ocupada por nivel educativo, m\u00e1s de la mitad de las personas ocupadas (59,8%) cuenta con hasta secundario completo, mientras que el 40,2% posee estudio superior y universitario (completo o incompleto). Asimismo, en lo que respecta a la calificaci\u00f3n de la ocupaci\u00f3n principal, el 54,5% corresponde a un empleo operativo; el 17,4% a calificaci\u00f3n t\u00e9cnica; el 17,7% a no calificado; y 10,0% a profesional.<\/p>\n","protected":false},"excerpt":{"rendered":"<p>En comparaci\u00f3n al trimestre previo hubo una m\u00ednima baja de 0,1 puntos porcentuales, ya que la desocupaci\u00f3n se ubic\u00f3 en 7,7%. En este marco, la presi\u00f3n sobre el mercado laboral, conformada por el universo de desocupados, subocupados, ocupados demandantes y ocupados no demandantes disponibles, alcanz\u00f3 el 29,7% de la PEA &nbsp; &nbsp; La desocupaci\u00f3n subi\u00f3 a 7,6% en el segundo trimestre de 2024 frente al mismo per\u00edodo de 2023 cuando se ubic\u00f3 en 6,2%, lo que representa 1,4 puntos porcentuales por encima. Frente al trimestre previo hubo una m\u00ednima baja&#8230;<\/p>\n","protected":false},"author":3,"featured_media":44237,"comment_status":"closed","ping_status":"closed","sticky":false,"template":"","format":"standard","meta":[],"categories":[9],"tags":[],"_links":{"self":[{"href":"https:\/\/www.actualidadadiario.com\/index.php\/wp-json\/wp\/v2\/posts\/120392"}],"collection":[{"href":"https:\/\/www.actualidadadiario.com\/index.php\/wp-json\/wp\/v2\/posts"}],"about":[{"href":"https:\/\/www.actualidadadiario.com\/index.php\/wp-json\/wp\/v2\/types\/post"}],"author":[{"embeddable":true,"href":"https:\/\/www.actualidadadiario.com\/index.php\/wp-json\/wp\/v2\/users\/3"}],"replies":[{"embeddable":true,"href":"https:\/\/www.actualidadadiario.com\/index.php\/wp-json\/wp\/v2\/comments?post=120392"}],"version-history":[{"count":1,"href":"https:\/\/www.actualidadadiario.com\/index.php\/wp-json\/wp\/v2\/posts\/120392\/revisions"}],"predecessor-version":[{"id":120393,"href":"https:\/\/www.actualidadadiario.com\/index.php\/wp-json\/wp\/v2\/posts\/120392\/revisions\/120393"}],"wp:featuredmedia":[{"embeddable":true,"href":"https:\/\/www.actualidadadiario.com\/index.php\/wp-json\/wp\/v2\/media\/44237"}],"wp:attachment":[{"href":"https:\/\/www.actualidadadiario.com\/index.php\/wp-json\/wp\/v2\/media?parent=120392"}],"wp:term":[{"taxonomy":"category","embeddable":true,"href":"https:\/\/www.actualidadadiario.com\/index.php\/wp-json\/wp\/v2\/categories?post=120392"},{"taxonomy":"post_tag","embeddable":true,"href":"https:\/\/www.actualidadadiario.com\/index.php\/wp-json\/wp\/v2\/tags?post=120392"}],"curies":[{"name":"wp","href":"https:\/\/api.w.org\/{rel}","templated":true}]}}