{"id":120389,"date":"2024-09-20T09:29:37","date_gmt":"2024-09-20T12:29:37","guid":{"rendered":"https:\/\/www.actualidadadiario.com\/?p=120389"},"modified":"2024-09-20T09:29:37","modified_gmt":"2024-09-20T12:29:37","slug":"finaliza-el-invierno-y-llega-la-primavera-con-nueva-suba-de-temperaturas-en-entre-rios","status":"publish","type":"post","link":"https:\/\/www.actualidadadiario.com\/index.php\/2024\/09\/20\/finaliza-el-invierno-y-llega-la-primavera-con-nueva-suba-de-temperaturas-en-entre-rios\/","title":{"rendered":"Finaliza el invierno y llega la primavera con nueva suba de temperaturas en Entre R\u00edos"},"content":{"rendered":"<p style=\"text-align: center;\"><em><strong>El Servicio Meteorol\u00f3gico Nacional -SMN- informa que se espera buen tiempo este viernes 20 de septiembre en Entre R\u00edos. El invierno finaliza hoy con una suave merma del calor, pero ser\u00e1 por poco tiempo ya que la primavera llegar\u00e1 con un nuevo repunte de temperaturas<\/strong><\/em><\/p>\n<p>&nbsp;<\/p>\n<p>&nbsp;<\/p>\n<p>&nbsp;<\/p>\n<p>Para hoy se prev\u00e9n temperaturas m\u00ednimas de entre 11 y 14 grados y m\u00e1ximas de entre 23 y 26 grados. Adem\u00e1s, tras las inestabilidades acontecidas este jueves, para hoy se aguarda baja nubosidad.<\/p>\n<p>En tanto la primavera llegar\u00e1 este s\u00e1bado con una suba nuevamente de las temperaturas que se sentir\u00e1 tambi\u00e9n el domingo. Otra vez, volver\u00e1n las m\u00e1ximas por encima de los 30 grados y no se descartan posibles inestabilidades el domingo.<\/p>\n<p>&nbsp;<\/p>\n<p><strong>Detalles del pron\u00f3stico en Entre R\u00edos<\/strong><\/p>\n<p>En Paran\u00e1, La Paz, Villaguay, Diamante y Nogoy\u00e1 se prev\u00e9 para este viernes una m\u00ednima de 12 grados y una m\u00e1xima de 26. Estar\u00e1 entre algo y parcialmente nublado. Para este s\u00e1bado se anuncian 30 grados y el domingo 34, con posibles tormentas aisladas a la noche.<\/p>\n<p>En Concordia, Federal, Feliciano, Federaci\u00f3n y San Salvador se pronostican para este viernes 14 grados de m\u00ednima y 25 grados de m\u00e1xima. Para este s\u00e1bado se anuncian 28 grados y para el domingo 33 grados, tambi\u00e9n con posibilidad de tormentas aisladas.<\/p>\n<p>En Gualeguaych\u00fa, Col\u00f3n, Uruguay, Tala e Islas se espera este viernes 12 grados de m\u00ednima y 23 grados de m\u00e1xima, con cielo algo nublado. Este s\u00e1bado se prev\u00e9n 27 de m\u00e1xima y el domingo trepa a 32 grados. Tambi\u00e9n anuncian posibles tormentas aisladas a la tarde noche.<\/p>\n<p>En Gualeguay y Victoria aguardan una m\u00ednima de 11 grados y una m\u00e1xima de 25 grados, con cielo algo nublado de ma\u00f1ana y tarde y parcialmente nublado de noche. Aumentar\u00e1 a 28 grados este s\u00e1bado y 32 grados el domingo, con posibilidad de precipitaciones.<\/p>\n","protected":false},"excerpt":{"rendered":"<p>El Servicio Meteorol\u00f3gico Nacional -SMN- informa que se espera buen tiempo este viernes 20 de septiembre en Entre R\u00edos. El invierno finaliza hoy con una suave merma del calor, pero ser\u00e1 por poco tiempo ya que la primavera llegar\u00e1 con un nuevo repunte de temperaturas &nbsp; &nbsp; &nbsp; Para hoy se prev\u00e9n temperaturas m\u00ednimas de entre 11 y 14 grados y m\u00e1ximas de entre 23 y 26 grados. Adem\u00e1s, tras las inestabilidades acontecidas este jueves, para hoy se aguarda baja nubosidad. En tanto la primavera llegar\u00e1 este s\u00e1bado con una&#8230;<\/p>\n","protected":false},"author":3,"featured_media":108198,"comment_status":"closed","ping_status":"closed","sticky":false,"template":"","format":"standard","meta":[],"categories":[15],"tags":[],"_links":{"self":[{"href":"https:\/\/www.actualidadadiario.com\/index.php\/wp-json\/wp\/v2\/posts\/120389"}],"collection":[{"href":"https:\/\/www.actualidadadiario.com\/index.php\/wp-json\/wp\/v2\/posts"}],"about":[{"href":"https:\/\/www.actualidadadiario.com\/index.php\/wp-json\/wp\/v2\/types\/post"}],"author":[{"embeddable":true,"href":"https:\/\/www.actualidadadiario.com\/index.php\/wp-json\/wp\/v2\/users\/3"}],"replies":[{"embeddable":true,"href":"https:\/\/www.actualidadadiario.com\/index.php\/wp-json\/wp\/v2\/comments?post=120389"}],"version-history":[{"count":1,"href":"https:\/\/www.actualidadadiario.com\/index.php\/wp-json\/wp\/v2\/posts\/120389\/revisions"}],"predecessor-version":[{"id":120390,"href":"https:\/\/www.actualidadadiario.com\/index.php\/wp-json\/wp\/v2\/posts\/120389\/revisions\/120390"}],"wp:featuredmedia":[{"embeddable":true,"href":"https:\/\/www.actualidadadiario.com\/index.php\/wp-json\/wp\/v2\/media\/108198"}],"wp:attachment":[{"href":"https:\/\/www.actualidadadiario.com\/index.php\/wp-json\/wp\/v2\/media?parent=120389"}],"wp:term":[{"taxonomy":"category","embeddable":true,"href":"https:\/\/www.actualidadadiario.com\/index.php\/wp-json\/wp\/v2\/categories?post=120389"},{"taxonomy":"post_tag","embeddable":true,"href":"https:\/\/www.actualidadadiario.com\/index.php\/wp-json\/wp\/v2\/tags?post=120389"}],"curies":[{"name":"wp","href":"https:\/\/api.w.org\/{rel}","templated":true}]}}