{"id":120386,"date":"2024-09-20T09:28:42","date_gmt":"2024-09-20T12:28:42","guid":{"rendered":"https:\/\/www.actualidadadiario.com\/?p=120386"},"modified":"2024-09-20T09:28:42","modified_gmt":"2024-09-20T12:28:42","slug":"reforma-electoral-comisiones-de-diputados-se-reunen-el-martes-en-concordia","status":"publish","type":"post","link":"https:\/\/www.actualidadadiario.com\/index.php\/2024\/09\/20\/reforma-electoral-comisiones-de-diputados-se-reunen-el-martes-en-concordia\/","title":{"rendered":"Reforma electoral: Comisiones de Diputados se re\u00fanen el martes en Concordia"},"content":{"rendered":"<p style=\"text-align: center;\"><em><strong>Las comisiones Legislaci\u00f3n General, que preside el diputado Marcelo L\u00f3pez, y Asuntos Constitucionales, Juicio Pol\u00edtico y Peticiones, Poderes y Reglamento, que encabeza la diputada Gabriela Lena, trasladar\u00e1n a Concordia la reuni\u00f3n de comisi\u00f3n conjunta para tratar el proyecto de reforma electoral enviado por el Poder Ejecutivo entrerriano<\/strong><\/em><\/p>\n<p>&nbsp;<\/p>\n<p>&nbsp;<\/p>\n<p>Por disposici\u00f3n de la Presidencia de la C\u00e1mara de Diputados, y por primera vez en la historia de la Instituci\u00f3n, una comisi\u00f3n de trabajo se traslada a otra localidad de la provincia para realizar su labor.<\/p>\n<p>El encuentro ser\u00e1 el pr\u00f3ximo martes 24 de septiembre de 10:00 a 12:00 en el Sal\u00f3n C del Centro de Convenciones de Concordia, sito en San Lorenzo Oeste 101.<\/p>\n<p>La primera reuni\u00f3n para analizar el expediente 27.439, Proyecto de ley: C\u00f3digo Electoral de la Provincia de Entre R\u00edos, se llev\u00f3 a cabo el mi\u00e9rcoles 11 de septiembre y tuvo la participaci\u00f3n de funcionarios del Ejecutivo y representantes de partidos pol\u00edticos. En esa oportunidad ya se hab\u00eda anticipado la intenci\u00f3n de trasladar estas reuniones fuera de la ciudad de Paran\u00e1, para que los ciudadanos de distintos puntos geogr\u00e1ficos de la provincia puedan participar del debate sin necesidad de trasladarse.<\/p>\n<p>Adem\u00e1s de Concordia, se prev\u00e9 que estas instancias tambi\u00e9n se desarrollen en Gualeguaych\u00fa y luego el trabajo contin\u00fae en la capital entrerriana, con el objetivo de llegar a dar tratamiento al proyecto en sesi\u00f3n durante octubre, seg\u00fan estimaron los legisladores.<\/p>\n","protected":false},"excerpt":{"rendered":"<p>Las comisiones Legislaci\u00f3n General, que preside el diputado Marcelo L\u00f3pez, y Asuntos Constitucionales, Juicio Pol\u00edtico y Peticiones, Poderes y Reglamento, que encabeza la diputada Gabriela Lena, trasladar\u00e1n a Concordia la reuni\u00f3n de comisi\u00f3n conjunta para tratar el proyecto de reforma electoral enviado por el Poder Ejecutivo entrerriano &nbsp; &nbsp; Por disposici\u00f3n de la Presidencia de la C\u00e1mara de Diputados, y por primera vez en la historia de la Instituci\u00f3n, una comisi\u00f3n de trabajo se traslada a otra localidad de la provincia para realizar su labor. El encuentro ser\u00e1 el pr\u00f3ximo&#8230;<\/p>\n","protected":false},"author":3,"featured_media":120387,"comment_status":"closed","ping_status":"closed","sticky":false,"template":"","format":"standard","meta":[],"categories":[15],"tags":[],"_links":{"self":[{"href":"https:\/\/www.actualidadadiario.com\/index.php\/wp-json\/wp\/v2\/posts\/120386"}],"collection":[{"href":"https:\/\/www.actualidadadiario.com\/index.php\/wp-json\/wp\/v2\/posts"}],"about":[{"href":"https:\/\/www.actualidadadiario.com\/index.php\/wp-json\/wp\/v2\/types\/post"}],"author":[{"embeddable":true,"href":"https:\/\/www.actualidadadiario.com\/index.php\/wp-json\/wp\/v2\/users\/3"}],"replies":[{"embeddable":true,"href":"https:\/\/www.actualidadadiario.com\/index.php\/wp-json\/wp\/v2\/comments?post=120386"}],"version-history":[{"count":1,"href":"https:\/\/www.actualidadadiario.com\/index.php\/wp-json\/wp\/v2\/posts\/120386\/revisions"}],"predecessor-version":[{"id":120388,"href":"https:\/\/www.actualidadadiario.com\/index.php\/wp-json\/wp\/v2\/posts\/120386\/revisions\/120388"}],"wp:featuredmedia":[{"embeddable":true,"href":"https:\/\/www.actualidadadiario.com\/index.php\/wp-json\/wp\/v2\/media\/120387"}],"wp:attachment":[{"href":"https:\/\/www.actualidadadiario.com\/index.php\/wp-json\/wp\/v2\/media?parent=120386"}],"wp:term":[{"taxonomy":"category","embeddable":true,"href":"https:\/\/www.actualidadadiario.com\/index.php\/wp-json\/wp\/v2\/categories?post=120386"},{"taxonomy":"post_tag","embeddable":true,"href":"https:\/\/www.actualidadadiario.com\/index.php\/wp-json\/wp\/v2\/tags?post=120386"}],"curies":[{"name":"wp","href":"https:\/\/api.w.org\/{rel}","templated":true}]}}