{"id":120377,"date":"2024-09-20T09:22:45","date_gmt":"2024-09-20T12:22:45","guid":{"rendered":"https:\/\/www.actualidadadiario.com\/?p=120377"},"modified":"2024-09-20T09:22:45","modified_gmt":"2024-09-20T12:22:45","slug":"agmer-rechazo-la-propuesta-salarial-del-gobierno-y-convoco-a-cinco-dias-de-paro","status":"publish","type":"post","link":"https:\/\/www.actualidadadiario.com\/index.php\/2024\/09\/20\/agmer-rechazo-la-propuesta-salarial-del-gobierno-y-convoco-a-cinco-dias-de-paro\/","title":{"rendered":"AGMER rechaz\u00f3 la propuesta salarial del gobierno y convoc\u00f3 a cinco d\u00edas de paro"},"content":{"rendered":"<p style=\"text-align: center;\"><em><strong>En un congreso realizado en Villaguay, AGMER rechaz\u00f3 la propuesta salarial del gobierno por considerarla insuficiente y anunci\u00f3 cinco d\u00edas de paro. Las medidas incluyen una marcha provincial y acciones departamentales para visibilizar las condiciones laborales de los docentes<\/strong><\/em><\/p>\n<p>&nbsp;<\/p>\n<p>&nbsp;<\/p>\n<p>Este jueves, el Congreso de AGMER sesion\u00f3 en la ciudad de Villaguay luego de la \u00faltima audiencia realizada el pasado martes en el marco de la conciliaci\u00f3n obligatoria dictada por la jueza Pinto. Tras un an\u00e1lisis de la propuesta salarial presentada por el gobierno, los congresistas decidieron rechazarla por considerarla &#8220;insuficiente y distorsiva&#8221;. En consecuencia, anunciaron un plan de lucha que incluye cinco jornadas de paro.<\/p>\n<p>&nbsp;<\/p>\n<p><strong>Medidas de fuerza<\/strong><\/p>\n<p>Las y los docentes entrerrianos llevar\u00e1n adelante un paro de 48 horas los d\u00edas 25 y 26 de septiembre, con acciones departamentales que buscar\u00e1n visibilizar ante la comunidad las condiciones laborales y salariales del sector educativo. A esto se sumar\u00e1 un nuevo paro de 72 horas, que se realizar\u00e1 los d\u00edas martes 1, mi\u00e9rcoles 2 y jueves 3 de octubre. Durante esta segunda instancia de protestas, AGMER convocar\u00e1 a una marcha provincial cuya fecha ser\u00e1 definida en los pr\u00f3ximos d\u00edas por la Comisi\u00f3n Directiva Central del gremio.<\/p>\n<p>&nbsp;<\/p>\n<p><strong>Reclamo salarial<\/strong><\/p>\n<p>Uno de los principales reclamos de AGMER es la necesidad de una recomposici\u00f3n salarial que permita recuperar el poder adquisitivo perdido por las y los docentes de la provincia. &#8220;Exigimos al gobierno de Entre R\u00edos una pauta salarial que repare la p\u00e9rdida de poder adquisitivo que venimos sufriendo&#8221;, se\u00f1alaron desde el sindicato. El rechazo a la propuesta del gobierno provincial se fundamenta en que la misma no contempla los porcentajes adecuados para enfrentar el incremento de la inflaci\u00f3n, lo que seg\u00fan los docentes agrava la situaci\u00f3n econ\u00f3mica del sector.<\/p>\n<p>&nbsp;<\/p>\n<p><strong>Movilizaciones y acciones<\/strong><\/p>\n<p>Las acciones departamentales incluir\u00e1n movilizaciones en distintas localidades de la provincia, donde se denunciar\u00e1n p\u00fablicamente las condiciones laborales que enfrentan los trabajadores de la educaci\u00f3n.<\/p>\n","protected":false},"excerpt":{"rendered":"<p>En un congreso realizado en Villaguay, AGMER rechaz\u00f3 la propuesta salarial del gobierno por considerarla insuficiente y anunci\u00f3 cinco d\u00edas de paro. Las medidas incluyen una marcha provincial y acciones departamentales para visibilizar las condiciones laborales de los docentes &nbsp; &nbsp; Este jueves, el Congreso de AGMER sesion\u00f3 en la ciudad de Villaguay luego de la \u00faltima audiencia realizada el pasado martes en el marco de la conciliaci\u00f3n obligatoria dictada por la jueza Pinto. Tras un an\u00e1lisis de la propuesta salarial presentada por el gobierno, los congresistas decidieron rechazarla por&#8230;<\/p>\n","protected":false},"author":3,"featured_media":42284,"comment_status":"closed","ping_status":"closed","sticky":false,"template":"","format":"standard","meta":[],"categories":[9],"tags":[],"_links":{"self":[{"href":"https:\/\/www.actualidadadiario.com\/index.php\/wp-json\/wp\/v2\/posts\/120377"}],"collection":[{"href":"https:\/\/www.actualidadadiario.com\/index.php\/wp-json\/wp\/v2\/posts"}],"about":[{"href":"https:\/\/www.actualidadadiario.com\/index.php\/wp-json\/wp\/v2\/types\/post"}],"author":[{"embeddable":true,"href":"https:\/\/www.actualidadadiario.com\/index.php\/wp-json\/wp\/v2\/users\/3"}],"replies":[{"embeddable":true,"href":"https:\/\/www.actualidadadiario.com\/index.php\/wp-json\/wp\/v2\/comments?post=120377"}],"version-history":[{"count":1,"href":"https:\/\/www.actualidadadiario.com\/index.php\/wp-json\/wp\/v2\/posts\/120377\/revisions"}],"predecessor-version":[{"id":120378,"href":"https:\/\/www.actualidadadiario.com\/index.php\/wp-json\/wp\/v2\/posts\/120377\/revisions\/120378"}],"wp:featuredmedia":[{"embeddable":true,"href":"https:\/\/www.actualidadadiario.com\/index.php\/wp-json\/wp\/v2\/media\/42284"}],"wp:attachment":[{"href":"https:\/\/www.actualidadadiario.com\/index.php\/wp-json\/wp\/v2\/media?parent=120377"}],"wp:term":[{"taxonomy":"category","embeddable":true,"href":"https:\/\/www.actualidadadiario.com\/index.php\/wp-json\/wp\/v2\/categories?post=120377"},{"taxonomy":"post_tag","embeddable":true,"href":"https:\/\/www.actualidadadiario.com\/index.php\/wp-json\/wp\/v2\/tags?post=120377"}],"curies":[{"name":"wp","href":"https:\/\/api.w.org\/{rel}","templated":true}]}}