{"id":120370,"date":"2024-09-19T13:28:20","date_gmt":"2024-09-19T16:28:20","guid":{"rendered":"https:\/\/www.actualidadadiario.com\/?p=120370"},"modified":"2024-09-19T13:28:20","modified_gmt":"2024-09-19T16:28:20","slug":"ecuador-comenzo-a-racionar-la-energia-electrica","status":"publish","type":"post","link":"https:\/\/www.actualidadadiario.com\/index.php\/2024\/09\/19\/ecuador-comenzo-a-racionar-la-energia-electrica\/","title":{"rendered":"Ecuador comenz\u00f3 a racionar la energ\u00eda el\u00e9ctrica"},"content":{"rendered":"<p style=\"text-align: center;\"><em><strong>Comenzaron los apagones programados y se inici\u00f3 el proceso urgente para alquilar nueva central flotante<\/strong><\/em><\/p>\n<p>&nbsp;<\/p>\n<p>&nbsp;<\/p>\n<p>Ecuador vivi\u00f3 una jornada de apag\u00f3n nacional programado por un &#8220;mantenimiento preventivo&#8221; en el sistema de transmisi\u00f3n de energ\u00eda, que se realiza en medio de una crisis energ\u00e9tica que afronta el pa\u00eds debido al peor estiaje de los \u00faltimos 61 a\u00f1os. Los cortes de luz a nivel nacional iniciaron a las 22:00 del mi\u00e9rcoles y se extendieron hasta las 06:00 de este jueves, lapso durante el que las fuerzas de seguridad desplegar\u00e1n operativos para garantizar la seguridad ciudadana ante la ola delincuencial que golpea al pa\u00eds.<\/p>\n<p>En ese horario regir\u00e1 adem\u00e1s un toque de queda focalizado en seis provincias y un cant\u00f3n (municipio) que se encuentra en &#8220;estado de excepci\u00f3n&#8221; por el auge de la violencia. En tanto, este jueves y ma\u00f1ana viernes se aplicar\u00e1 la modalidad de teletrabajo en el sector p\u00fablico, medida que volver\u00e1 a regir el 26 y 27 de septiembre.<\/p>\n<p>Los racionamientos regresar\u00e1n entre el lunes 23 y el jueves 26 de septiembre en la misma franja horaria, seg\u00fan anticip\u00f3 un informe de la agencia de noticias Xinhua.<\/p>\n<p>Los apagones provocaron cambios de horarios en las actividades educativas, en el transporte, en la atenci\u00f3n en las instituciones p\u00fablicas y privadas; mientras que el sector productivo adopt\u00f3 medidas de contingencia para reducir el impacto en sus actividades.<\/p>\n<p>Empresarios calculan p\u00e9rdidas por unos 12 millones de d\u00f3lares en el sector productivo por cada hora de racionamiento el\u00e9ctrico.<\/p>\n<p>El ministro de Energ\u00eda, Antonio Goncalves, revel\u00f3 que se aplic\u00f3 la t\u00e9cnica conocida como &#8220;bombardeo de nubes&#8221; para mitigar los efectos de la sequ\u00eda en la generaci\u00f3n hidroel\u00e9ctrica y los resultados se ver\u00e1n en una semana.<\/p>\n<p>Por su parte, el ministro de Gobierno, F\u00e9lix Wong, afirm\u00f3 en una entrevista radial que se est\u00e1 &#8220;enfrentando una sequ\u00eda global y regional sin precedentes, lo que ha generado situaciones hist\u00f3ricas&#8221;.<\/p>\n<p>Mencion\u00f3 que en el caso de Ecuador, esto incluso provoc\u00f3 racionamientos de agua potable en la capital, Quito, y en la ciudad meridional de Cuenca.<\/p>\n<p>Seg\u00fan las autoridades, esta at\u00edpica sequ\u00eda afecta a los embalses de las centrales hidroel\u00e9ctricas como Mazar, una de las principales fuentes de suministro de energ\u00eda, cuya cota de agua se acerca a su m\u00ednimo hist\u00f3rico.<\/p>\n<p>Ecuador, que tiene 17 millones de habitantes, registra un d\u00e9ficit energ\u00e9tico de unos 1.000 megavatios, de los cuales 100 ser\u00e1n cubiertos con una barcaza turca de generaci\u00f3n el\u00e9ctrica contratada por el Gobierno y que ya est\u00e1 en funcionamiento.<\/p>\n<p>&nbsp;<\/p>\n<p><strong>Central el\u00e9ctrica flotante<\/strong><\/p>\n<p>Ecuador inici\u00f3 un proceso urgente para alquilar una segunda central de generaci\u00f3n el\u00e9ctrica flotante o barcaza de hasta 250 megavatios para hacer frente a la crisis energ\u00e9tica que vive el pa\u00eds, inform\u00f3 la empresa p\u00fablica Corporaci\u00f3n El\u00e9ctrica de Ecuador (CELEC EP).<\/p>\n<p>La entidad indic\u00f3 en un comunicado que el proceso iniciar\u00e1 con la recepci\u00f3n de propuestas para el alquiler de esta barcaza que funcionar\u00e1 con combustible HFO6 (combust\u00f3leo de producci\u00f3n nacional) y se ubicar\u00e1 en un sector del r\u00edo Guayas, en la ciudad costera de Guayaquil (suroeste). Apunt\u00f3 que las empresas interesadas ten\u00edan tiempo hasta este jueves para presentar sus propuestas, las cuales ser\u00e1n analizadas por una comisi\u00f3n t\u00e9cnica que seleccionar\u00e1 la m\u00e1s conveniente para el pa\u00eds.<\/p>\n<p>&#8220;La contrataci\u00f3n se realizar\u00e1 a trav\u00e9s de un proceso de emergencia&#8221;, precis\u00f3 CELEC EP.<\/p>\n<p>A\u00f1adi\u00f3 que el alquiler de la nueva barcaza es parte de las acciones que ejecuta el Gobierno para enfrentar la crisis energ\u00e9tica que enfrenta el pa\u00eds debido al peor estiaje en los \u00faltimos 61 a\u00f1os, lo que llev\u00f3 a aplicar cortes de luz a escala nacional a partir de este mi\u00e9rcoles.<\/p>\n<p>El Gobierno contrat\u00f3 el pasado 5 de agosto una primera barcaza, la &#8220;Emre Bey&#8221; de generaci\u00f3n el\u00e9ctrica de la empresa Karpowership de Turqu\u00eda por un per\u00edodo de 18 meses para la explotaci\u00f3n de 100 megavatios de electricidad para la red nacional ecuatoriana.<\/p>\n<p>Esta barcaza, que est\u00e1 anclada en el sector de Las Esclusas, en el sur de Guayaquil, entr\u00f3 en funcionamiento esta semana.<\/p>\n","protected":false},"excerpt":{"rendered":"<p>Comenzaron los apagones programados y se inici\u00f3 el proceso urgente para alquilar nueva central flotante &nbsp; &nbsp; Ecuador vivi\u00f3 una jornada de apag\u00f3n nacional programado por un &#8220;mantenimiento preventivo&#8221; en el sistema de transmisi\u00f3n de energ\u00eda, que se realiza en medio de una crisis energ\u00e9tica que afronta el pa\u00eds debido al peor estiaje de los \u00faltimos 61 a\u00f1os. Los cortes de luz a nivel nacional iniciaron a las 22:00 del mi\u00e9rcoles y se extendieron hasta las 06:00 de este jueves, lapso durante el que las fuerzas de seguridad desplegar\u00e1n operativos&#8230;<\/p>\n","protected":false},"author":3,"featured_media":120371,"comment_status":"closed","ping_status":"closed","sticky":false,"template":"","format":"standard","meta":[],"categories":[4],"tags":[],"_links":{"self":[{"href":"https:\/\/www.actualidadadiario.com\/index.php\/wp-json\/wp\/v2\/posts\/120370"}],"collection":[{"href":"https:\/\/www.actualidadadiario.com\/index.php\/wp-json\/wp\/v2\/posts"}],"about":[{"href":"https:\/\/www.actualidadadiario.com\/index.php\/wp-json\/wp\/v2\/types\/post"}],"author":[{"embeddable":true,"href":"https:\/\/www.actualidadadiario.com\/index.php\/wp-json\/wp\/v2\/users\/3"}],"replies":[{"embeddable":true,"href":"https:\/\/www.actualidadadiario.com\/index.php\/wp-json\/wp\/v2\/comments?post=120370"}],"version-history":[{"count":1,"href":"https:\/\/www.actualidadadiario.com\/index.php\/wp-json\/wp\/v2\/posts\/120370\/revisions"}],"predecessor-version":[{"id":120372,"href":"https:\/\/www.actualidadadiario.com\/index.php\/wp-json\/wp\/v2\/posts\/120370\/revisions\/120372"}],"wp:featuredmedia":[{"embeddable":true,"href":"https:\/\/www.actualidadadiario.com\/index.php\/wp-json\/wp\/v2\/media\/120371"}],"wp:attachment":[{"href":"https:\/\/www.actualidadadiario.com\/index.php\/wp-json\/wp\/v2\/media?parent=120370"}],"wp:term":[{"taxonomy":"category","embeddable":true,"href":"https:\/\/www.actualidadadiario.com\/index.php\/wp-json\/wp\/v2\/categories?post=120370"},{"taxonomy":"post_tag","embeddable":true,"href":"https:\/\/www.actualidadadiario.com\/index.php\/wp-json\/wp\/v2\/tags?post=120370"}],"curies":[{"name":"wp","href":"https:\/\/api.w.org\/{rel}","templated":true}]}}