{"id":12037,"date":"2017-05-23T10:14:12","date_gmt":"2017-05-23T13:14:12","guid":{"rendered":"http:\/\/actualidadadiario.com\/site\/?p=12037"},"modified":"2017-05-23T10:14:12","modified_gmt":"2017-05-23T13:14:12","slug":"carrio-sabe-que-el-presidente-no-va-a-apanar-a-nadie","status":"publish","type":"post","link":"https:\/\/www.actualidadadiario.com\/index.php\/2017\/05\/23\/carrio-sabe-que-el-presidente-no-va-a-apanar-a-nadie\/","title":{"rendered":"&#8220;Carri\u00f3 sabe que el Presidente no va a apa\u00f1ar a nadie&#8221;"},"content":{"rendered":"<p><em><strong>El ministro del Interior, Rogelio Frigerio, afirm\u00f3 que la diputada nacional Elisa Carri\u00f3 (Coalici\u00f3n C\u00edvica) &#8220;sabe&#8221; que el presidente Mauricio Macri &#8220;no va a apa\u00f1ar a nadie de su gobierno si hay un hecho delictivo&#8221; y sostuvo que &#8220;hay que preguntarle a la justicia&#8221; y no al Poder Ejecutivo, en relaci\u00f3n a las causas que involucran al ex ministro de Planificaci\u00f3n Julio De Vido<\/strong><\/em><\/p>\n<p>&nbsp;<\/p>\n<p>&nbsp;<\/p>\n<p>&nbsp;<\/p>\n<p>&nbsp;<\/p>\n<p>&nbsp;<\/p>\n<p>&nbsp;<\/p>\n<p>&#8220;Si Lilita tiene informaci\u00f3n sobre el encubrimiento de un funcionario del gobierno pasado por parte de funcionarios de este gobierno lo tiene que decir como lo ha dicho siempre. Nunca ha tenido trabas para hablar o para acusar a alguien. Ella sabe que el Presidente no va a apa\u00f1ar a nadie de su gobierno si hay un hecho delictivo&#8221;, dijo Frigerio al ser consultado sobre los dichos de la legisladora, quien anoche le reclam\u00f3 a Macri en una entrevista televisiva que el Gobierno la defienda de los ataques que sufre por parte de sectores del Poder Judicial.<\/p>\n<p>&nbsp;<\/p>\n<p>&#8220;Siempre la defiendo&#8221;, se\u00f1al\u00f3 el ministro, quien consider\u00f3 a Carri\u00f3 como &#8220;una gran dirigente pol\u00edtica&#8221;, pero subray\u00f3 que la administraci\u00f3n de Cambiemos &#8220;est\u00e1 trabajando en construir una rep\u00fablica con independencia de poderes&#8221; por lo que &#8220;hay que preguntarle a la justicia qu\u00e9 pasa con las causas que involucran a De Vido y no al Poder Ejecutivo&#8221;.<\/p>\n<p>&nbsp;<\/p>\n<p>La l\u00edder de la Coalici\u00f3n C\u00edvica hab\u00eda fustigado tambi\u00e9n al Ejecutivo y a la justicia afirmando que existe un sistema de protecci\u00f3n que impide que avancen las causas sobre supuestas irregularidades en la gesti\u00f3n del ex funcionario kirchnerista y actual diputado nacional.<\/p>\n<p>&nbsp;<\/p>\n<p>&#8220;Todos los hechos sospechosos que encontramos los denunciamos a la Oficina Anticorrupci\u00f3n, que los denunci\u00f3 a la justicia&#8221;, explic\u00f3 Frigerio en declaraciones a radio La Red.<\/p>\n","protected":false},"excerpt":{"rendered":"<p>El ministro del Interior, Rogelio Frigerio, afirm\u00f3 que la diputada nacional Elisa Carri\u00f3 (Coalici\u00f3n C\u00edvica) &#8220;sabe&#8221; que el presidente Mauricio Macri &#8220;no va a apa\u00f1ar a nadie de su gobierno si hay un hecho delictivo&#8221; y sostuvo que &#8220;hay que preguntarle a la justicia&#8221; y no al Poder Ejecutivo, en relaci\u00f3n a las causas que involucran al ex ministro de Planificaci\u00f3n Julio De Vido &nbsp; &nbsp; &nbsp; &nbsp; &nbsp; &nbsp; &#8220;Si Lilita tiene informaci\u00f3n sobre el encubrimiento de un funcionario del gobierno pasado por parte de funcionarios de este gobierno&#8230;<\/p>\n","protected":false},"author":3,"featured_media":12038,"comment_status":"closed","ping_status":"closed","sticky":false,"template":"","format":"standard","meta":[],"categories":[18],"tags":[],"_links":{"self":[{"href":"https:\/\/www.actualidadadiario.com\/index.php\/wp-json\/wp\/v2\/posts\/12037"}],"collection":[{"href":"https:\/\/www.actualidadadiario.com\/index.php\/wp-json\/wp\/v2\/posts"}],"about":[{"href":"https:\/\/www.actualidadadiario.com\/index.php\/wp-json\/wp\/v2\/types\/post"}],"author":[{"embeddable":true,"href":"https:\/\/www.actualidadadiario.com\/index.php\/wp-json\/wp\/v2\/users\/3"}],"replies":[{"embeddable":true,"href":"https:\/\/www.actualidadadiario.com\/index.php\/wp-json\/wp\/v2\/comments?post=12037"}],"version-history":[{"count":1,"href":"https:\/\/www.actualidadadiario.com\/index.php\/wp-json\/wp\/v2\/posts\/12037\/revisions"}],"predecessor-version":[{"id":12039,"href":"https:\/\/www.actualidadadiario.com\/index.php\/wp-json\/wp\/v2\/posts\/12037\/revisions\/12039"}],"wp:featuredmedia":[{"embeddable":true,"href":"https:\/\/www.actualidadadiario.com\/index.php\/wp-json\/wp\/v2\/media\/12038"}],"wp:attachment":[{"href":"https:\/\/www.actualidadadiario.com\/index.php\/wp-json\/wp\/v2\/media?parent=12037"}],"wp:term":[{"taxonomy":"category","embeddable":true,"href":"https:\/\/www.actualidadadiario.com\/index.php\/wp-json\/wp\/v2\/categories?post=12037"},{"taxonomy":"post_tag","embeddable":true,"href":"https:\/\/www.actualidadadiario.com\/index.php\/wp-json\/wp\/v2\/tags?post=12037"}],"curies":[{"name":"wp","href":"https:\/\/api.w.org\/{rel}","templated":true}]}}