{"id":120362,"date":"2024-09-19T12:11:48","date_gmt":"2024-09-19T15:11:48","guid":{"rendered":"https:\/\/www.actualidadadiario.com\/?p=120362"},"modified":"2024-09-19T12:11:48","modified_gmt":"2024-09-19T15:11:48","slug":"antes-de-viajar-a-eeuu-milei-suspendio-la-reunion-de-gabinete","status":"publish","type":"post","link":"https:\/\/www.actualidadadiario.com\/index.php\/2024\/09\/19\/antes-de-viajar-a-eeuu-milei-suspendio-la-reunion-de-gabinete\/","title":{"rendered":"Antes de viajar a EEUU, Milei suspendi\u00f3 la reuni\u00f3n de gabinete"},"content":{"rendered":"<p style=\"text-align: center;\"><em><strong>El Presidente prepara el viaje a Nueva York donde asistir\u00e1 a la cumbre anual de la ONU. Viajar\u00e1 el equipo econ\u00f3mico con el fin de lograr un nuevo acuerdo con el FMI<\/strong><\/em><\/p>\n<p>&nbsp;<\/p>\n<p>&nbsp;<\/p>\n<p>Con el Presupuesto 2025 reci\u00e9n presentado en el Congreso y antes de viajar a los Estados Unidos, el Presidente Javier Milei decidi\u00f3 suspender la reuni\u00f3n de gabinete prevista para este jueves en la Casa Rosada.<\/p>\n<p>La semana pasada tambi\u00e9n hab\u00eda sido cancelada y pospuesta para el viernes porque problemas de agenda. A las 11:30, el Gobierno nacional realizar\u00e1 una declaraci\u00f3n de prensa, aunque no informaron si es el motivo de la suspensi\u00f3n de la jornada de hoy.<\/p>\n<p>En las pr\u00f3ximas horas, el jefe de Estado y el equipo econ\u00f3mico viajar\u00e1n a los Estados Unidos. El presidente volar\u00e1 este s\u00e1bado a Nueva York para asistir a la Asamblea General de la ONU junto al ministro de Econom\u00eda, Luis Caputo. Es el sexto viaje a suelo norteamericano desde que asumi\u00f3 la presidencia en diciembre.<\/p>\n<p>La \u00faltima visita del l\u00edder libertario a los Estados Unidos fue el 13 de julio donde particip\u00f3 de una conferencia de multimillonarios en la ciudad de Hailey en el marco de la conferencia Anual Sun Valley.<\/p>\n<p>La agenda oficial no fue confirmada por Presidencia, pero la idea es reunirse con funcionarios del Fondo Monetario Internacional luego de la presentaci\u00f3n del Presupuesto 2025 donde se prioriza el pago de los intereses de la deuda con el organismo. Como parte del equipo se sumar\u00eda el titular del Banco Central,\u00a0 Santiago Bausili.<\/p>\n<p>La misi\u00f3n incluye adem\u00e1s la b\u00fasqueda de apoyo financiero de entidades internacionales con el objetivo de usar esos fondos en el pago de deudas internacionales.<\/p>\n<p>El martes se reuni\u00f3 la llamada &#8220;mesa chica&#8221; del gabinete que la integran los funcionarios de mayor confianza del presidente. El Gobierno difundi\u00f3 ese d\u00eda foto con un mensaje ir\u00f3nico sobre las internas dentro del gabinete. &#8220;Todos peleados&#8221;, destac\u00f3 el texto con una imagen del jefe de Gabinete, Guillermo Francos; la secretaria General de la Presidencia, Karina Milei, y el asesor Santiago Caputo.<\/p>\n<p>El Gobierno tiene la dif\u00edcil tarea de lograr un consenso del Presupuesto 2025 en el Congreso. Las negociaciones ya comenzaron por parte del Ejecutivo, quien se reuni\u00f3 con gobernadores y legisladores dialoguistas.<\/p>\n<p>La propuesta del oficialismo es que el proyecto ingrese a debatirse la pr\u00f3xima semana en la comisi\u00f3n de Presupuesto y Hacienda de la C\u00e1mara de Diputados, donde asistir\u00e1n funcionarios nacionales a defenderlo. Luego llegar\u00eda al recinto para la media sanci\u00f3n, donde a\u00fan buscan votos positivos.<\/p>\n<p>El Gobierno conf\u00eda en que tendr\u00e1 el apoyo necesario para gobernar con el nuevo presupuesto el pr\u00f3ximo a\u00f1o.<\/p>\n","protected":false},"excerpt":{"rendered":"<p>El Presidente prepara el viaje a Nueva York donde asistir\u00e1 a la cumbre anual de la ONU. Viajar\u00e1 el equipo econ\u00f3mico con el fin de lograr un nuevo acuerdo con el FMI &nbsp; &nbsp; Con el Presupuesto 2025 reci\u00e9n presentado en el Congreso y antes de viajar a los Estados Unidos, el Presidente Javier Milei decidi\u00f3 suspender la reuni\u00f3n de gabinete prevista para este jueves en la Casa Rosada. La semana pasada tambi\u00e9n hab\u00eda sido cancelada y pospuesta para el viernes porque problemas de agenda. A las 11:30, el Gobierno&#8230;<\/p>\n","protected":false},"author":3,"featured_media":113411,"comment_status":"closed","ping_status":"closed","sticky":false,"template":"","format":"standard","meta":[],"categories":[18],"tags":[],"_links":{"self":[{"href":"https:\/\/www.actualidadadiario.com\/index.php\/wp-json\/wp\/v2\/posts\/120362"}],"collection":[{"href":"https:\/\/www.actualidadadiario.com\/index.php\/wp-json\/wp\/v2\/posts"}],"about":[{"href":"https:\/\/www.actualidadadiario.com\/index.php\/wp-json\/wp\/v2\/types\/post"}],"author":[{"embeddable":true,"href":"https:\/\/www.actualidadadiario.com\/index.php\/wp-json\/wp\/v2\/users\/3"}],"replies":[{"embeddable":true,"href":"https:\/\/www.actualidadadiario.com\/index.php\/wp-json\/wp\/v2\/comments?post=120362"}],"version-history":[{"count":1,"href":"https:\/\/www.actualidadadiario.com\/index.php\/wp-json\/wp\/v2\/posts\/120362\/revisions"}],"predecessor-version":[{"id":120363,"href":"https:\/\/www.actualidadadiario.com\/index.php\/wp-json\/wp\/v2\/posts\/120362\/revisions\/120363"}],"wp:featuredmedia":[{"embeddable":true,"href":"https:\/\/www.actualidadadiario.com\/index.php\/wp-json\/wp\/v2\/media\/113411"}],"wp:attachment":[{"href":"https:\/\/www.actualidadadiario.com\/index.php\/wp-json\/wp\/v2\/media?parent=120362"}],"wp:term":[{"taxonomy":"category","embeddable":true,"href":"https:\/\/www.actualidadadiario.com\/index.php\/wp-json\/wp\/v2\/categories?post=120362"},{"taxonomy":"post_tag","embeddable":true,"href":"https:\/\/www.actualidadadiario.com\/index.php\/wp-json\/wp\/v2\/tags?post=120362"}],"curies":[{"name":"wp","href":"https:\/\/api.w.org\/{rel}","templated":true}]}}