{"id":120354,"date":"2024-09-19T12:05:40","date_gmt":"2024-09-19T15:05:40","guid":{"rendered":"https:\/\/www.actualidadadiario.com\/?p=120354"},"modified":"2024-09-19T12:05:40","modified_gmt":"2024-09-19T15:05:40","slug":"union-por-la-patria-reclama-la-presencia-de-todo-el-gabinete-para-el-debate-del-presupuesto-2025","status":"publish","type":"post","link":"https:\/\/www.actualidadadiario.com\/index.php\/2024\/09\/19\/union-por-la-patria-reclama-la-presencia-de-todo-el-gabinete-para-el-debate-del-presupuesto-2025\/","title":{"rendered":"Uni\u00f3n por la Patria reclama la presencia de todo el Gabinete para el debate del Presupuesto 2025"},"content":{"rendered":"<p style=\"text-align: center;\"><em><strong>Los diputados Germ\u00e1n Mart\u00ednez y Carlos Heller enviaron una nota a Jos\u00e9 Luis Espert, en la que se\u00f1alan \u201cla necesidad de comenzar con premura\u201d el tratamiento del proyecto. Piden invitar a una decena de secretarios y titulares de entes p\u00fablicos<\/strong><\/em><\/p>\n<p>&nbsp;<\/p>\n<p>&nbsp;<\/p>\n<p>El jefe del bloque de Uni\u00f3n por la Patria, Germ\u00e1n Mart\u00ednez, y el vicepresidente primero de la Comisi\u00f3n de Presupuesto y Hacienda, Carlos Heller, enviaron una nota al oficialista Jos\u00e9 Luis Espert en la que expresan \u201cla necesidad de comenzar con premura el tratamiento\u201d del proyecto de Presupuesto 2025 y proponen una larga lista de invitados.<\/p>\n<p>El pedido fue presentado luego que todos los diputados de UP que integran la comisi\u00f3n se reunieran en las oficinas del bloque para analizar la iniciativa enviada por el Gobierno, que fue presentada el pasado domingo por el presidente Javier Milei en el recinto de la C\u00e1mara baja.<\/p>\n<p>En la nota a Espert, presidente de la Comisi\u00f3n de Presupuesto, se solicita que se convoquen a todos los ministros: Luis Caputo (Econom\u00eda), Sandra Pettovello (Capital Humano), Luis Petri (Defensa), Federico Sturzenegger (Desregulaci\u00f3n y Transformaci\u00f3n del Estado), Mariano C\u00faneo Libarona (Justicia), Diana Mondino (Relaciones Exteriores y Culto), Mario Russo (Salud) y Patricia Bullrich (Seguridad).<\/p>\n<p>Tambi\u00e9n a una decena de secretarios: Jos\u00e9 Luis Daza (Pol\u00edtica Econ\u00f3mica), Carlos Guberman (Hacienda), Pablo Quirno Magrane (Finanzas), Pablo Lavigne (Industria y Comercio), Marcos Ayerra (PyME, Emprendedores y Econom\u00eda del Conocimiento), Sergio Iraeta (Agricultura, Ganader\u00eda y Pesca), Carlos Torrendell (Educaci\u00f3n), Julio Cordero (Trabajo), Leonardo Cifelli (Cultura) y Franco Mogetta (Transporte).<\/p>\n<p>La solicitud plantea adem\u00e1s que se inviten al presidente del Banco Central de la Rep\u00fablica Argentina, Santiago Bausili; la administradora de la AFIP, Florencia Misrahi; el director General de la Seguridad Social, Santiago Mozetic; el presidente de Aerol\u00edneas Argentinas, Fabi\u00e1n Lombardo; el presidente de Trenes Argentino, Mat\u00edas Galparsoro; el presidente de la Empresa Argentina de Navegaci\u00f3n A\u00e9rea, Agust\u00edn Rodr\u00edguez Grellet; y el presidente de Trenes Argentinos Cargas, Alejandro N\u00fa\u00f1ez.<\/p>\n","protected":false},"excerpt":{"rendered":"<p>Los diputados Germ\u00e1n Mart\u00ednez y Carlos Heller enviaron una nota a Jos\u00e9 Luis Espert, en la que se\u00f1alan \u201cla necesidad de comenzar con premura\u201d el tratamiento del proyecto. Piden invitar a una decena de secretarios y titulares de entes p\u00fablicos &nbsp; &nbsp; El jefe del bloque de Uni\u00f3n por la Patria, Germ\u00e1n Mart\u00ednez, y el vicepresidente primero de la Comisi\u00f3n de Presupuesto y Hacienda, Carlos Heller, enviaron una nota al oficialista Jos\u00e9 Luis Espert en la que expresan \u201cla necesidad de comenzar con premura el tratamiento\u201d del proyecto de Presupuesto&#8230;<\/p>\n","protected":false},"author":3,"featured_media":120355,"comment_status":"closed","ping_status":"closed","sticky":false,"template":"","format":"standard","meta":[],"categories":[18],"tags":[],"_links":{"self":[{"href":"https:\/\/www.actualidadadiario.com\/index.php\/wp-json\/wp\/v2\/posts\/120354"}],"collection":[{"href":"https:\/\/www.actualidadadiario.com\/index.php\/wp-json\/wp\/v2\/posts"}],"about":[{"href":"https:\/\/www.actualidadadiario.com\/index.php\/wp-json\/wp\/v2\/types\/post"}],"author":[{"embeddable":true,"href":"https:\/\/www.actualidadadiario.com\/index.php\/wp-json\/wp\/v2\/users\/3"}],"replies":[{"embeddable":true,"href":"https:\/\/www.actualidadadiario.com\/index.php\/wp-json\/wp\/v2\/comments?post=120354"}],"version-history":[{"count":1,"href":"https:\/\/www.actualidadadiario.com\/index.php\/wp-json\/wp\/v2\/posts\/120354\/revisions"}],"predecessor-version":[{"id":120356,"href":"https:\/\/www.actualidadadiario.com\/index.php\/wp-json\/wp\/v2\/posts\/120354\/revisions\/120356"}],"wp:featuredmedia":[{"embeddable":true,"href":"https:\/\/www.actualidadadiario.com\/index.php\/wp-json\/wp\/v2\/media\/120355"}],"wp:attachment":[{"href":"https:\/\/www.actualidadadiario.com\/index.php\/wp-json\/wp\/v2\/media?parent=120354"}],"wp:term":[{"taxonomy":"category","embeddable":true,"href":"https:\/\/www.actualidadadiario.com\/index.php\/wp-json\/wp\/v2\/categories?post=120354"},{"taxonomy":"post_tag","embeddable":true,"href":"https:\/\/www.actualidadadiario.com\/index.php\/wp-json\/wp\/v2\/tags?post=120354"}],"curies":[{"name":"wp","href":"https:\/\/api.w.org\/{rel}","templated":true}]}}