{"id":120350,"date":"2024-09-19T12:03:36","date_gmt":"2024-09-19T15:03:36","guid":{"rendered":"https:\/\/www.actualidadadiario.com\/?p=120350"},"modified":"2024-09-19T12:03:36","modified_gmt":"2024-09-19T15:03:36","slug":"lousteau-cuestiono-a-los-diputados-radicales-que-apoyaron-el-veto-de-milei-la-peor-de-las-castas","status":"publish","type":"post","link":"https:\/\/www.actualidadadiario.com\/index.php\/2024\/09\/19\/lousteau-cuestiono-a-los-diputados-radicales-que-apoyaron-el-veto-de-milei-la-peor-de-las-castas\/","title":{"rendered":"Lousteau cuestion\u00f3 a los diputados radicales que apoyaron el veto de Milei: &#8220;La peor de las castas&#8221;"},"content":{"rendered":"<p style=\"text-align: center;\"><em><strong>El senador sostuvo que los legisladores respaldaron al Gobierno a cambio de cargos p\u00fablicos y sugiri\u00f3 que no pueden integrar el mismo espacio que el resto de la UCR<\/strong><\/em><\/p>\n<p>&nbsp;<\/p>\n<p>&nbsp;<\/p>\n<p>El senador Mart\u00edn Lousteau apunt\u00f3 contra los legisladores de la Uni\u00f3n C\u00edvica Radical (UCR) que respaldaron el veto que ejerci\u00f3 el presidente Javier Milei sobre la movilidad jubilatoria y sostuvo que no pueden &#8220;pretender&#8221; integrar el mismo espacio.<\/p>\n<p>\u201cAlgunos han negociado para ir al Senado, otros para representar a La Libertad Avanza el a\u00f1o que viene, hay otros que tienen promesas de cargos p\u00fablicos, hay otros que se han ido del cargo p\u00fablico para no votar\u201d, indic\u00f3 el presidente de la Comisi\u00f3n Nacional del partido en una entrevista televisiva.<\/p>\n<p>En ese sentido, asegur\u00f3 que \u201cpueden votar lo que quieran&#8221; pero &#8220;lo que no pueden es votar una cosa en algo que todo el partido vot\u00f3 y que lo impuls\u00f3 el bloque y por ir a negociar algo con el presidente, modificar su voto y pretender estar en el mismo espacio\u201d.<\/p>\n<p>Las declaraciones del senador ocurren luego de que el bloque de diputados, liderado por Rodrigo De Loredo, resolviera seguir adelante &#8220;sin excluir a nadie por su manera de pensar&#8221;, en referencia al apoyo de Mariano Campero, Mart\u00edn Arjol, Pablo Cervi, Federico Tournier y Luis Picat al veto presidencial, motivo por el cual sus fichas de afiliaci\u00f3n quedaron suspendidas el lunes por la Convenci\u00f3n Radical.<\/p>\n<p>Entonces cuestion\u00f3 el encuentro que mantuvieron con el Presidente antes de la votaci\u00f3n: \u201cVarios de los diputados que se dieron vuelta en el voto argumentaron que la plata estaba. Entonces tienen que decir \u2018no hice bien los c\u00e1lculos cuando la apoy\u00e9&#8217;. Lo que es muy raro es ir a sacarse una foto, tener una reuni\u00f3n privada y modificar el voto\u201d.<\/p>\n<p>\u201cSi hubieran dicho, \u2018viene el veto, voy a revisar todos los n\u00fameros y, miren, voy a plantear en el bloque que hicimos mal los n\u00fameros\u2019, es una discusi\u00f3n. Ir a una reuni\u00f3n cerrada, llevarte algo personal a cambio de dar vuelta tu voto, es burocratizaci\u00f3n y es la peor de las castas, porque es traicionar a los jubilados a cambio de un beneficio personal. Esa es la peor de las castas\u201d, agreg\u00f3.<\/p>\n<p>Por otra parte, se refiri\u00f3 al asado organizado por el Gobierno en Olivos para agasajar a los &#8220;87 h\u00e9roes&#8221;, tal como los denomin\u00f3 Milei, que le dieron su apoyo al veto presidencial y apunt\u00f3 contra los legisladores del espacio que asistieron al mismo.<\/p>\n<p>\u201cLos radicales fueron y se sacaron una foto con el presidente celebrando el d\u00eda que le iban a impedir a los jubilados un aumento equivalente a 3 kilos de carne picada por mes. Ese era el aumento. Y ayer fueron y se comieron un asado que les cost\u00f3 20.000 pesos a cada uno. Era de 18.000 pesos para los jubilados. Se gastaron 20.000 pesos a cada uno\u201d, reproch\u00f3.<\/p>\n","protected":false},"excerpt":{"rendered":"<p>El senador sostuvo que los legisladores respaldaron al Gobierno a cambio de cargos p\u00fablicos y sugiri\u00f3 que no pueden integrar el mismo espacio que el resto de la UCR &nbsp; &nbsp; El senador Mart\u00edn Lousteau apunt\u00f3 contra los legisladores de la Uni\u00f3n C\u00edvica Radical (UCR) que respaldaron el veto que ejerci\u00f3 el presidente Javier Milei sobre la movilidad jubilatoria y sostuvo que no pueden &#8220;pretender&#8221; integrar el mismo espacio. \u201cAlgunos han negociado para ir al Senado, otros para representar a La Libertad Avanza el a\u00f1o que viene, hay otros que&#8230;<\/p>\n","protected":false},"author":3,"featured_media":112441,"comment_status":"closed","ping_status":"closed","sticky":false,"template":"","format":"standard","meta":[],"categories":[18],"tags":[],"_links":{"self":[{"href":"https:\/\/www.actualidadadiario.com\/index.php\/wp-json\/wp\/v2\/posts\/120350"}],"collection":[{"href":"https:\/\/www.actualidadadiario.com\/index.php\/wp-json\/wp\/v2\/posts"}],"about":[{"href":"https:\/\/www.actualidadadiario.com\/index.php\/wp-json\/wp\/v2\/types\/post"}],"author":[{"embeddable":true,"href":"https:\/\/www.actualidadadiario.com\/index.php\/wp-json\/wp\/v2\/users\/3"}],"replies":[{"embeddable":true,"href":"https:\/\/www.actualidadadiario.com\/index.php\/wp-json\/wp\/v2\/comments?post=120350"}],"version-history":[{"count":1,"href":"https:\/\/www.actualidadadiario.com\/index.php\/wp-json\/wp\/v2\/posts\/120350\/revisions"}],"predecessor-version":[{"id":120351,"href":"https:\/\/www.actualidadadiario.com\/index.php\/wp-json\/wp\/v2\/posts\/120350\/revisions\/120351"}],"wp:featuredmedia":[{"embeddable":true,"href":"https:\/\/www.actualidadadiario.com\/index.php\/wp-json\/wp\/v2\/media\/112441"}],"wp:attachment":[{"href":"https:\/\/www.actualidadadiario.com\/index.php\/wp-json\/wp\/v2\/media?parent=120350"}],"wp:term":[{"taxonomy":"category","embeddable":true,"href":"https:\/\/www.actualidadadiario.com\/index.php\/wp-json\/wp\/v2\/categories?post=120350"},{"taxonomy":"post_tag","embeddable":true,"href":"https:\/\/www.actualidadadiario.com\/index.php\/wp-json\/wp\/v2\/tags?post=120350"}],"curies":[{"name":"wp","href":"https:\/\/api.w.org\/{rel}","templated":true}]}}