{"id":120347,"date":"2024-09-19T12:02:55","date_gmt":"2024-09-19T15:02:55","guid":{"rendered":"https:\/\/www.actualidadadiario.com\/?p=120347"},"modified":"2024-09-19T12:02:55","modified_gmt":"2024-09-19T15:02:55","slug":"argentina-se-alineo-con-israel-y-eeuu-para-votar-en-contra-de-una-resolucion-de-la-onu-sobre-palestina","status":"publish","type":"post","link":"https:\/\/www.actualidadadiario.com\/index.php\/2024\/09\/19\/argentina-se-alineo-con-israel-y-eeuu-para-votar-en-contra-de-una-resolucion-de-la-onu-sobre-palestina\/","title":{"rendered":"Argentina se aline\u00f3 con Israel y EEUU para votar en contra de una resoluci\u00f3n de la ONU sobre Palestina"},"content":{"rendered":"<p style=\"text-align: center;\"><em><strong>Se trata de un proyecto impulsado por los palestinos basado en una opini\u00f3n consultiva de la Corte Internacional de Justicia. La moci\u00f3n se vot\u00f3 a pocos d\u00edas de la Asamblea General de Jefes de Estado de la ONU, que tendr\u00e1 lugar a partir de la semana que viene. Milei tiene previsto dar su discurso el martes<\/strong><\/em><\/p>\n<p>&nbsp;<\/p>\n<p>&nbsp;<\/p>\n<p>Javier Milei profundiza nuevamente su pol\u00edtica exterior alineada a Estados Unidos e Israel. El mandatario instruy\u00f3 al representante diplom\u00e1tico de la Casa Rosada en las Naciones Unidas para que Argentina vote en contra de una resoluci\u00f3n de la Asamblea General impulsada por Palestina.<\/p>\n<p>La resoluci\u00f3n aprobada se basa en una opini\u00f3n consultiva que la Corte Internacional de Justicia hab\u00eda emitido en julio vinculado a la presencia de Israel en territorio palestino. El documento de la ONU, de nueve p\u00e1ginas, dice que se trata de una \u201cocupaci\u00f3n que no es legal\u201d. Empero, cabe se\u00f1alar que el proyecto no es vinculante.\u00a0 La opini\u00f3n fue aprobada con 124 votos a favor, 14 en contra y 43 abstenciones.<\/p>\n<p>La moci\u00f3n se vot\u00f3 a pocos d\u00edas de la Asamblea General de Jefes de Estado de la ONU, que tendr\u00e1 lugar a partir de la semana que viene. Milei tiene previsto dar su discurso el martes. Viajar\u00e1 a Estados Unidos escoltado por una delegaci\u00f3n que integrar\u00e1n Diana Mondino, canciller, Luis Caputo, ministro de Econom\u00eda, Patricia Bullrich, ministra de Seguridad. A ellos se integrar\u00e1n Gerardo Werthein, embajador argentino en Washington, y Ricardo Lagorio, representante del pa\u00eds ante Naciones Unidos.<\/p>\n<p>Adem\u00e1s de Argentina, Estados Unidos e Israel, entre los pa\u00edses que tambi\u00e9n votaron en contra de la moci\u00f3n de Palestina aparecen Paraguay, Fiji, Hungr\u00eda, Tonga, Palau, Papua Nueva Guinea. Mientras que dentro de las abstenciones figuran estados como Uruguay, Alemania, Italia, Canad\u00e1, Costa Rica, Gran Breta\u00f1a, Ecuador, Rep\u00fablica Dominicana, Panam\u00e1 y Guatemala.<\/p>\n<p>La decisi\u00f3n de Milei ratifica su alineamiento estrat\u00e9gico con DC y Tel Aviv. Incluso, implic\u00f3 apartarse de una posici\u00f3n hist\u00f3rica de Argentina sobre el tema. En ese sentido, el Gobierno busca avanzar con el traslado de la Embajada en Israel hacia Jerusalem. El rabino Shimon Axel Wahnish, embajador argentino en aquel pa\u00eds, trabaja al respecto con \u00f3rdenes de Balcarce 50.<\/p>\n","protected":false},"excerpt":{"rendered":"<p>Se trata de un proyecto impulsado por los palestinos basado en una opini\u00f3n consultiva de la Corte Internacional de Justicia. La moci\u00f3n se vot\u00f3 a pocos d\u00edas de la Asamblea General de Jefes de Estado de la ONU, que tendr\u00e1 lugar a partir de la semana que viene. Milei tiene previsto dar su discurso el martes &nbsp; &nbsp; Javier Milei profundiza nuevamente su pol\u00edtica exterior alineada a Estados Unidos e Israel. El mandatario instruy\u00f3 al representante diplom\u00e1tico de la Casa Rosada en las Naciones Unidas para que Argentina vote en&#8230;<\/p>\n","protected":false},"author":3,"featured_media":120348,"comment_status":"closed","ping_status":"closed","sticky":false,"template":"","format":"standard","meta":[],"categories":[18],"tags":[],"_links":{"self":[{"href":"https:\/\/www.actualidadadiario.com\/index.php\/wp-json\/wp\/v2\/posts\/120347"}],"collection":[{"href":"https:\/\/www.actualidadadiario.com\/index.php\/wp-json\/wp\/v2\/posts"}],"about":[{"href":"https:\/\/www.actualidadadiario.com\/index.php\/wp-json\/wp\/v2\/types\/post"}],"author":[{"embeddable":true,"href":"https:\/\/www.actualidadadiario.com\/index.php\/wp-json\/wp\/v2\/users\/3"}],"replies":[{"embeddable":true,"href":"https:\/\/www.actualidadadiario.com\/index.php\/wp-json\/wp\/v2\/comments?post=120347"}],"version-history":[{"count":1,"href":"https:\/\/www.actualidadadiario.com\/index.php\/wp-json\/wp\/v2\/posts\/120347\/revisions"}],"predecessor-version":[{"id":120349,"href":"https:\/\/www.actualidadadiario.com\/index.php\/wp-json\/wp\/v2\/posts\/120347\/revisions\/120349"}],"wp:featuredmedia":[{"embeddable":true,"href":"https:\/\/www.actualidadadiario.com\/index.php\/wp-json\/wp\/v2\/media\/120348"}],"wp:attachment":[{"href":"https:\/\/www.actualidadadiario.com\/index.php\/wp-json\/wp\/v2\/media?parent=120347"}],"wp:term":[{"taxonomy":"category","embeddable":true,"href":"https:\/\/www.actualidadadiario.com\/index.php\/wp-json\/wp\/v2\/categories?post=120347"},{"taxonomy":"post_tag","embeddable":true,"href":"https:\/\/www.actualidadadiario.com\/index.php\/wp-json\/wp\/v2\/tags?post=120347"}],"curies":[{"name":"wp","href":"https:\/\/api.w.org\/{rel}","templated":true}]}}