{"id":120344,"date":"2024-09-19T12:01:30","date_gmt":"2024-09-19T15:01:30","guid":{"rendered":"https:\/\/www.actualidadadiario.com\/?p=120344"},"modified":"2024-09-19T12:01:30","modified_gmt":"2024-09-19T15:01:30","slug":"represion-de-diciembre-de-2001-23-anos-despues-quedo-detenido-enrique-mathov-ex-secretario-de-seguridad-de-de-la-rua","status":"publish","type":"post","link":"https:\/\/www.actualidadadiario.com\/index.php\/2024\/09\/19\/represion-de-diciembre-de-2001-23-anos-despues-quedo-detenido-enrique-mathov-ex-secretario-de-seguridad-de-de-la-rua\/","title":{"rendered":"Represi\u00f3n de diciembre de 2001: 23 a\u00f1os despu\u00e9s, qued\u00f3 detenido Enrique Mathov, ex secretario de Seguridad de De La R\u00faa"},"content":{"rendered":"<p style=\"text-align: center;\"><em><strong>Mathov se entreg\u00f3 al quedar firme la condena en su contra por la represi\u00f3n y las muertes que tuvieron lugar en diciembre de 2001. Lo hizo ante el Tribunal Oral Federal 6. Mathov debe cumplir 4 a\u00f1os y tres meses de prisi\u00f3n<\/strong><\/em><\/p>\n<p>&nbsp;<\/p>\n<p>&nbsp;<\/p>\n<p>El ex secretario de Seguridad del gobierno de Fernando de la R\u00faa, Enrique Mathov, qued\u00f3 detenido este jueves en los tribunales federales de Retiro. La condena en su contra por la represi\u00f3n y las muertes que tuvieron lugar en diciembre de 2001 hab\u00eda quedado firme este mi\u00e9rcoles, de acuerdo a un fallo de la Corte Suprema. El exfuncionario de la Alianza se ntreg\u00f3 ante el Tribunal Oral Federal 6.<\/p>\n<p>El citado tribunal es el que resolver\u00e1 el lugar donde quedar\u00e1 alojado hasta que se determine si se le concede o no el arresto domiciliario que pidi\u00f3 su defensa.<\/p>\n<p>El Tribunal Oral Federal 6 conden\u00f3 a Mathov por la represi\u00f3n de 2001 y lo hab\u00eda citado para este jueves a fin de quedar detenido luego que la Corte Suprema de Justicia dejara firme la pena impuesta contra el exfuncionario.<\/p>\n<p>La jueza Adriana Pallioti resolvi\u00f3 que \u201chabiendo adquirido firmeza la sentencia de cuatro a\u00f1os y tres meses de prisi\u00f3n dictada en autos, y encontr\u00e1ndose aqu\u00e9lla ejecutable, c\u00edtese a Enrique Jos\u00e9 Mathov -a trav\u00e9s de su defensa- para que se presente en el Tribunal el jueves 19 de septiembre del corriente a\u00f1o a las 09:30 horas, a finde estar a derecho y hacer efectiva la detenci\u00f3n\u201d, seg\u00fan la resoluci\u00f3n a la que tuvo acceso la Agencia Noticias Argentinas.<\/p>\n<p>La defensa del exfuncionario hab\u00eda pedido el arresto domiciliario en raz\u00f3n de que Mathov tiene m\u00e1s de 70 a\u00f1os, algo que tendr\u00e1 que resolver el tribunal.<\/p>\n<p>En cuanto al otro condenado, el ex jefe de la Polic\u00eda Federal Rub\u00e9n Santos, est\u00e1 de viaje en Espa\u00f1a con permiso judicial, por lo que se lo intim\u00f3 a regresar al pa\u00eds en las pr\u00f3ximas 72 horas para quedar detenido. En su caso, la condena es a 3 a\u00f1os y seis meses de prisi\u00f3n.<\/p>\n<p>Mathov fue condenado el 18 de mayo de 2021 por tres homicidios culposos y las heridas que sufrieron decenas de manifestantes en la zona de Plaza de Mayo durante la represi\u00f3n que precedi\u00f3 a la renuncia del fallecido ex presidente Fernando de la R\u00faa, quien result\u00f3 sobrese\u00eddo en el caso.<\/p>\n<p>El exfuncionario estuvo preso por esta causa 6 meses y 25 d\u00edas, desde el 1 de enero de 2002 hasta el 26 de julio de 2002, cuando se lo excarcel\u00f3, por lo tanto, seg\u00fan el c\u00f3mputo de pena que hizo el tribunal, su condena se dar\u00e1 por cumplida el 22 de mayo de 2028.<\/p>\n<p>En el caso de Santos, estuvo detenido 5 meses y 19 d\u00edas en 2002, por lo cual su condena se dar\u00e1 por cumplida el 28 de septiembre de 2027.<\/p>\n<p>El Tribunal cit\u00f3 a ambos luego que ayer la Corte Suprema de Justicia dejara firmes las condenas y rechazara por \u201cinadmisibles\u201d los recursos extraordinarios que presentaron las defensas. Santos y Mathov fueron condenados en un juicio oral en 2016 por el Tribunal Oral Federal 6.<\/p>\n<p>El veredicto de ese juicio oral fue apelado, lo revis\u00f3 Casaci\u00f3n y orden\u00f3 modificar las penas, que fueron reducidas, y a las que ahora la Corte dej\u00f3 firmes al rechazar los recursos.<\/p>\n<p>Mathov y Santos quedaron condenados por la muerte de tres de los manifestantes, Gast\u00f3n Riva, Carlos Almir\u00f3n y Diego Lamagna, y por las heridas que la polic\u00eda caus\u00f3 a otros 20 durante las protestas en Plaza de Mayo, en medio del estado de sitio que hab\u00eda decretado el gobierno de Fernando De La R\u00faa.<\/p>\n","protected":false},"excerpt":{"rendered":"<p>Mathov se entreg\u00f3 al quedar firme la condena en su contra por la represi\u00f3n y las muertes que tuvieron lugar en diciembre de 2001. Lo hizo ante el Tribunal Oral Federal 6. Mathov debe cumplir 4 a\u00f1os y tres meses de prisi\u00f3n &nbsp; &nbsp; El ex secretario de Seguridad del gobierno de Fernando de la R\u00faa, Enrique Mathov, qued\u00f3 detenido este jueves en los tribunales federales de Retiro. La condena en su contra por la represi\u00f3n y las muertes que tuvieron lugar en diciembre de 2001 hab\u00eda quedado firme este&#8230;<\/p>\n","protected":false},"author":3,"featured_media":120345,"comment_status":"closed","ping_status":"closed","sticky":false,"template":"","format":"standard","meta":[],"categories":[9],"tags":[],"_links":{"self":[{"href":"https:\/\/www.actualidadadiario.com\/index.php\/wp-json\/wp\/v2\/posts\/120344"}],"collection":[{"href":"https:\/\/www.actualidadadiario.com\/index.php\/wp-json\/wp\/v2\/posts"}],"about":[{"href":"https:\/\/www.actualidadadiario.com\/index.php\/wp-json\/wp\/v2\/types\/post"}],"author":[{"embeddable":true,"href":"https:\/\/www.actualidadadiario.com\/index.php\/wp-json\/wp\/v2\/users\/3"}],"replies":[{"embeddable":true,"href":"https:\/\/www.actualidadadiario.com\/index.php\/wp-json\/wp\/v2\/comments?post=120344"}],"version-history":[{"count":1,"href":"https:\/\/www.actualidadadiario.com\/index.php\/wp-json\/wp\/v2\/posts\/120344\/revisions"}],"predecessor-version":[{"id":120346,"href":"https:\/\/www.actualidadadiario.com\/index.php\/wp-json\/wp\/v2\/posts\/120344\/revisions\/120346"}],"wp:featuredmedia":[{"embeddable":true,"href":"https:\/\/www.actualidadadiario.com\/index.php\/wp-json\/wp\/v2\/media\/120345"}],"wp:attachment":[{"href":"https:\/\/www.actualidadadiario.com\/index.php\/wp-json\/wp\/v2\/media?parent=120344"}],"wp:term":[{"taxonomy":"category","embeddable":true,"href":"https:\/\/www.actualidadadiario.com\/index.php\/wp-json\/wp\/v2\/categories?post=120344"},{"taxonomy":"post_tag","embeddable":true,"href":"https:\/\/www.actualidadadiario.com\/index.php\/wp-json\/wp\/v2\/tags?post=120344"}],"curies":[{"name":"wp","href":"https:\/\/api.w.org\/{rel}","templated":true}]}}