{"id":120342,"date":"2024-09-19T11:23:54","date_gmt":"2024-09-19T14:23:54","guid":{"rendered":"https:\/\/www.actualidadadiario.com\/?p=120342"},"modified":"2024-09-19T11:23:54","modified_gmt":"2024-09-19T14:23:54","slug":"incendios-en-cordoba-aseguran-que-el-panorama-es-peligroso","status":"publish","type":"post","link":"https:\/\/www.actualidadadiario.com\/index.php\/2024\/09\/19\/incendios-en-cordoba-aseguran-que-el-panorama-es-peligroso\/","title":{"rendered":"Incendios en C\u00f3rdoba: aseguran que el panorama es peligroso"},"content":{"rendered":"<p style=\"text-align: center;\"><em><strong>\u201cEl \u00edndice de riesgo por incendios forestales para este jueves ser\u00e1 extremo en todo el territorio de la provincia\u201d, seg\u00fan las estad\u00edsticas de la Secretar\u00eda de Gesti\u00f3n de Riesgo<\/strong><\/em><\/p>\n<p>&nbsp;<\/p>\n<p>&nbsp;<\/p>\n<p>La Secretar\u00eda de Gesti\u00f3n de Riesgo, inform\u00f3 que \u201cel \u00edndice de riesgo por incendios forestales para este jueves ser\u00e1 extremo en todo el territorio de la provincia\u201d de C\u00f3rdoba. Adem\u00e1s, habr\u00e1 durante el d\u00eda r\u00e1fagas de vientos muy importantes del lado norte de m\u00e1s de 50 kil\u00f3metros por hora y, por la tarde, rotar\u00e1 y soplar\u00e1 el viento del lado sur y, por lo tanto, tambi\u00e9n habr\u00e1 r\u00e1fagas de 60 kil\u00f3metros por hora.<\/p>\n<p>Por otro lado, la Secretar\u00eda mencion\u00f3: \u201cEstas condiciones se mantendr\u00e1n hasta el lunes de la semana que viene posiblemente, por lo tanto pedimos a toda la poblaci\u00f3n que si ve alguna columna de humo que r\u00e1pidamente llame al 0800-FUEGO (888 38346), 100 (Bomberos) o 911 (Polic\u00eda)\u201d.<\/p>\n<p>&nbsp;<\/p>\n<p><strong>Uno de los incendios de C\u00f3rdoba del a\u00f1o<\/strong><\/p>\n<p>Tres hombres fueron detenidos acusados de provocar un incendio en la localidad cordobesa de Conlara del departamento de San Javier.<\/p>\n<p>Los tres implicados de 25, 29 y 30 a\u00f1os habr\u00edan causado el siniestro en un lote perteneciente a una estancia del sector, al tiempo que las llamas fueron r\u00e1pidamente controladas por el personal de Bomberos Voluntarios y ETAC.<\/p>\n<p>Luego, las autoridades trasladaron a los hombres a la sede policial donde quedaron a disposici\u00f3n de la Justicia.<\/p>\n<p>En tanto, los brigadistas sofocaron tres focos en los valles de Punilla y Traslasierra, inform\u00f3 el secretario de Gesti\u00f3n de Riesgo Clim\u00e1tico, Roberto Schreiner, en declaraciones a Cadena 3.<\/p>\n","protected":false},"excerpt":{"rendered":"<p>\u201cEl \u00edndice de riesgo por incendios forestales para este jueves ser\u00e1 extremo en todo el territorio de la provincia\u201d, seg\u00fan las estad\u00edsticas de la Secretar\u00eda de Gesti\u00f3n de Riesgo &nbsp; &nbsp; La Secretar\u00eda de Gesti\u00f3n de Riesgo, inform\u00f3 que \u201cel \u00edndice de riesgo por incendios forestales para este jueves ser\u00e1 extremo en todo el territorio de la provincia\u201d de C\u00f3rdoba. Adem\u00e1s, habr\u00e1 durante el d\u00eda r\u00e1fagas de vientos muy importantes del lado norte de m\u00e1s de 50 kil\u00f3metros por hora y, por la tarde, rotar\u00e1 y soplar\u00e1 el viento del&#8230;<\/p>\n","protected":false},"author":3,"featured_media":120065,"comment_status":"closed","ping_status":"closed","sticky":false,"template":"","format":"standard","meta":[],"categories":[2],"tags":[],"_links":{"self":[{"href":"https:\/\/www.actualidadadiario.com\/index.php\/wp-json\/wp\/v2\/posts\/120342"}],"collection":[{"href":"https:\/\/www.actualidadadiario.com\/index.php\/wp-json\/wp\/v2\/posts"}],"about":[{"href":"https:\/\/www.actualidadadiario.com\/index.php\/wp-json\/wp\/v2\/types\/post"}],"author":[{"embeddable":true,"href":"https:\/\/www.actualidadadiario.com\/index.php\/wp-json\/wp\/v2\/users\/3"}],"replies":[{"embeddable":true,"href":"https:\/\/www.actualidadadiario.com\/index.php\/wp-json\/wp\/v2\/comments?post=120342"}],"version-history":[{"count":1,"href":"https:\/\/www.actualidadadiario.com\/index.php\/wp-json\/wp\/v2\/posts\/120342\/revisions"}],"predecessor-version":[{"id":120343,"href":"https:\/\/www.actualidadadiario.com\/index.php\/wp-json\/wp\/v2\/posts\/120342\/revisions\/120343"}],"wp:featuredmedia":[{"embeddable":true,"href":"https:\/\/www.actualidadadiario.com\/index.php\/wp-json\/wp\/v2\/media\/120065"}],"wp:attachment":[{"href":"https:\/\/www.actualidadadiario.com\/index.php\/wp-json\/wp\/v2\/media?parent=120342"}],"wp:term":[{"taxonomy":"category","embeddable":true,"href":"https:\/\/www.actualidadadiario.com\/index.php\/wp-json\/wp\/v2\/categories?post=120342"},{"taxonomy":"post_tag","embeddable":true,"href":"https:\/\/www.actualidadadiario.com\/index.php\/wp-json\/wp\/v2\/tags?post=120342"}],"curies":[{"name":"wp","href":"https:\/\/api.w.org\/{rel}","templated":true}]}}