{"id":120340,"date":"2024-09-19T11:23:10","date_gmt":"2024-09-19T14:23:10","guid":{"rendered":"https:\/\/www.actualidadadiario.com\/?p=120340"},"modified":"2024-09-19T11:23:10","modified_gmt":"2024-09-19T14:23:10","slug":"paro-universitario-para-el-jueves-26-y-nueva-marcha-federal-en-octubre","status":"publish","type":"post","link":"https:\/\/www.actualidadadiario.com\/index.php\/2024\/09\/19\/paro-universitario-para-el-jueves-26-y-nueva-marcha-federal-en-octubre\/","title":{"rendered":"Paro universitario para el jueves 26 y nueva marcha federal en octubre"},"content":{"rendered":"<p style=\"text-align: center;\"><em><strong>Bajo el impacto del ajuste determinado desde diciembre, que incluye la cuesti\u00f3n salarial, las universidades desde estamentos de docentes y no docentes marcaron un punto de inflexi\u00f3n<\/strong><\/em><\/p>\n<p>&nbsp;<\/p>\n<p>&nbsp;<\/p>\n<p>La Federaci\u00f3n Universitaria Argentina (FUA), sindicatos de la ense\u00f1anza, rectores y docentes universitarios anunciaron un paro de actividades en las universidades de todo el pa\u00eds para el jueves 26. Ser\u00e1 la respuesta al veto del presidente Javier Milei a la ley de financiaci\u00f3n educativa que aprob\u00f3 el Senado d\u00edas atr\u00e1s. Adem\u00e1s se estima que el 2 de octubre tendr\u00e1 lugar una nueva marcha federal.<\/p>\n<p>Con lo expuesto se profundiza la crisis universitaria por las pol\u00edticas de ajuste implementadas desde fines del a\u00f1o pasado, ya que el paro comprende tambi\u00e9n la decisi\u00f3n de la Federaci\u00f3n de Docentes de las Universidades Nacionales (Fedun), la Federaci\u00f3n Argentina del Trabajador de las Universidades Nacionales (Fatun) y los sindicatos ADUBA (docentes) y APUBA (no docentes) de la Universidad de Buenos Aires (UBA).<\/p>\n<p>Con el reclamo de mejoras salariales reiterado y vigente, antes del paro, el martes 24, a las 10, se convoc\u00f3 para realizar un abrazo al Hospital de Cl\u00ednicas.<\/p>\n<p>La decisi\u00f3n de la medida de fuerza se activ\u00f3 despu\u00e9s de que el presidente Milei escribiera en su cuenta X el mensaje &#8220;veto total&#8221;, en respuesta a una publicaci\u00f3n del subsecretario de Pol\u00edticas Universitarias de la Naci\u00f3n, Alejandro \u00c1lvarez, que explicaba que &#8220;la \u00faltima palabra sobre el veto la tiene el presidente&#8221;.<\/p>\n<p>El proyecto de ley aprobado determina el aumento de los fondos destinados a las universidades nacionales, tanto para gastos de funcionamiento como para los salarios de profesores y personal no docente, tomando en consideraci\u00f3n el \u00edndice de inflaci\u00f3n e impulsando un mecanismo para la recomposici\u00f3n.<\/p>\n<p>Seg\u00fan la estad\u00edstica que maneja el Consejo Superior de la UBA, los salarios de los docentes universitarios en promedio, perdieron entre un 35% y un 55% de su poder adquisitivo desde diciembre.<\/p>\n<p>En cuanto al desarrollo de una nueva marcha federal, que se estima para el 2 de octubre, tomar\u00e1 la senda de la que se realiz\u00f3 el 23 de abril por las calles de todo el pa\u00eds en defensa de la educaci\u00f3n superior p\u00fablica.<\/p>\n<p>No s\u00f3lo para las organizaciones sindicales de docentes y no docentes los alcances de aquella marcha de abril marcaron no solo la protesta de la ense\u00f1anza, sino el aval de una poblaci\u00f3n que particip\u00f3 de la convocatoria dejando en claro que &#8220;m\u00e1s all\u00e1 de diferentes opiniones pol\u00edticas la educaci\u00f3n p\u00fablica sigue siendo un derecho para la mayor\u00eda del pueblo argentino, incluso en circunstancias in\u00e9ditas para ajustes como las que se vienen aplicando desde diciembre de 2023&#8221;, consignaron.<\/p>\n","protected":false},"excerpt":{"rendered":"<p>Bajo el impacto del ajuste determinado desde diciembre, que incluye la cuesti\u00f3n salarial, las universidades desde estamentos de docentes y no docentes marcaron un punto de inflexi\u00f3n &nbsp; &nbsp; La Federaci\u00f3n Universitaria Argentina (FUA), sindicatos de la ense\u00f1anza, rectores y docentes universitarios anunciaron un paro de actividades en las universidades de todo el pa\u00eds para el jueves 26. Ser\u00e1 la respuesta al veto del presidente Javier Milei a la ley de financiaci\u00f3n educativa que aprob\u00f3 el Senado d\u00edas atr\u00e1s. Adem\u00e1s se estima que el 2 de octubre tendr\u00e1 lugar una&#8230;<\/p>\n","protected":false},"author":3,"featured_media":113406,"comment_status":"closed","ping_status":"closed","sticky":false,"template":"","format":"standard","meta":[],"categories":[2],"tags":[],"_links":{"self":[{"href":"https:\/\/www.actualidadadiario.com\/index.php\/wp-json\/wp\/v2\/posts\/120340"}],"collection":[{"href":"https:\/\/www.actualidadadiario.com\/index.php\/wp-json\/wp\/v2\/posts"}],"about":[{"href":"https:\/\/www.actualidadadiario.com\/index.php\/wp-json\/wp\/v2\/types\/post"}],"author":[{"embeddable":true,"href":"https:\/\/www.actualidadadiario.com\/index.php\/wp-json\/wp\/v2\/users\/3"}],"replies":[{"embeddable":true,"href":"https:\/\/www.actualidadadiario.com\/index.php\/wp-json\/wp\/v2\/comments?post=120340"}],"version-history":[{"count":1,"href":"https:\/\/www.actualidadadiario.com\/index.php\/wp-json\/wp\/v2\/posts\/120340\/revisions"}],"predecessor-version":[{"id":120341,"href":"https:\/\/www.actualidadadiario.com\/index.php\/wp-json\/wp\/v2\/posts\/120340\/revisions\/120341"}],"wp:featuredmedia":[{"embeddable":true,"href":"https:\/\/www.actualidadadiario.com\/index.php\/wp-json\/wp\/v2\/media\/113406"}],"wp:attachment":[{"href":"https:\/\/www.actualidadadiario.com\/index.php\/wp-json\/wp\/v2\/media?parent=120340"}],"wp:term":[{"taxonomy":"category","embeddable":true,"href":"https:\/\/www.actualidadadiario.com\/index.php\/wp-json\/wp\/v2\/categories?post=120340"},{"taxonomy":"post_tag","embeddable":true,"href":"https:\/\/www.actualidadadiario.com\/index.php\/wp-json\/wp\/v2\/tags?post=120340"}],"curies":[{"name":"wp","href":"https:\/\/api.w.org\/{rel}","templated":true}]}}