{"id":120338,"date":"2024-09-19T11:22:34","date_gmt":"2024-09-19T14:22:34","guid":{"rendered":"https:\/\/www.actualidadadiario.com\/?p=120338"},"modified":"2024-09-19T11:22:34","modified_gmt":"2024-09-19T14:22:34","slug":"anotate-en-septiembre-a-la-segunda-tanda-de-becas-progresar-cual-es-la-fecha-limite","status":"publish","type":"post","link":"https:\/\/www.actualidadadiario.com\/index.php\/2024\/09\/19\/anotate-en-septiembre-a-la-segunda-tanda-de-becas-progresar-cual-es-la-fecha-limite\/","title":{"rendered":"Anotate en septiembre a la segunda tanda de Becas Progresar: \u00bfcu\u00e1l es la fecha l\u00edmite?"},"content":{"rendered":"<p style=\"text-align: center;\"><em><strong>La inscripci\u00f3n a la segunda tanda de las Becas Progresar abri\u00f3 el 5 de septiembre<\/strong><\/em><\/p>\n<p>&nbsp;<\/p>\n<p>&nbsp;<\/p>\n<p>Luego de que el Ministerio de Capital Humano anunciara la apertura para una nueva tanda de las Becas Progresar y confirmara un aumento en el monto que cobrar\u00e1n los beneficiarios, ahora trascendi\u00f3 cu\u00e1l es la fecha l\u00edmite para la inscripci\u00f3n.<\/p>\n<p>&nbsp;<\/p>\n<p><strong>\u00bfCu\u00e1l es el monto de septiembre con aumento de las Becas Progresar?<\/strong><\/p>\n<p>Se aprob\u00f3 un aumento del monto mensual para las diferentes l\u00edneas del programa. A partir de septiembre de 2024, el monto de las becas para &#8220;Finalizaci\u00f3n de la educaci\u00f3n obligatoria&#8221;, &#8220;Fomento de la educaci\u00f3n superior&#8221;, &#8220;Progresar Enfermer\u00eda&#8221; y &#8220;Progresar Trabajo&#8221; ser\u00e1 de $35.000.<\/p>\n<p>&nbsp;<\/p>\n<p><strong>Segundo llamado a inscripci\u00f3n: fecha l\u00edmite<\/strong><\/p>\n<p>El Ministerio de Capital Humano convoc\u00f3 a la segunda inscripci\u00f3n del Programa Progresar, que se llevar\u00e1 a cabo entre el 5 y el 30 de septiembre de 2024.<\/p>\n<p>&nbsp;<\/p>\n<p><strong>\u00bfCu\u00e1les son las l\u00edneas de Becas Progresar Disponibles?<\/strong><\/p>\n<ul>\n<li><strong>Finalizaci\u00f3n de la educaci\u00f3n obligatoria:<\/strong> Dirigida a estudiantes que desean culminar su educaci\u00f3n primaria o secundaria.<\/li>\n<li><strong>Fomento de la educaci\u00f3n superior:<\/strong> Orientada a quienes buscan continuar sus estudios en universidades e instituciones terciarias.<\/li>\n<li><strong>Progresar Enfermer\u00eda:<\/strong> Exclusiva para estudiantes de la carrera de Enfermer\u00eda.<\/li>\n<\/ul>\n<p>&nbsp;<\/p>\n<p><strong>Requisitos para acceder a las\u00a0 Becas Progresar<\/strong><\/p>\n<ul>\n<li><strong>Finalizaci\u00f3n de la educaci\u00f3n obligatoria:<\/strong> estudiantes entre 16 y 24 a\u00f1os que deseen completar sus estudios primarios o secundarios.<\/li>\n<li><strong>Fomento de la educaci\u00f3n superior:<\/strong> estudiantes de nivel terciario o universitario, de entre 18 y 30 a\u00f1os, que cursen carreras estrat\u00e9gicas.<\/li>\n<li><strong>Progresar Enfermer\u00eda:<\/strong> estudiantes de Enfermer\u00eda, de entre 18 y 40 a\u00f1os, que est\u00e9n cursando en una instituci\u00f3n educativa reconocida.<\/li>\n<\/ul>\n<p>&nbsp;<\/p>\n<p><strong>C\u00f3mo inscribirse en las Becas Progresar<\/strong><\/p>\n<p>Para inscribirse, los interesados deben seguir estos pasos:<\/p>\n<ul>\n<li><strong>Acceder al portal oficial:<\/strong> Ingresar al sitio web oficial de las Becas Progresar.<\/li>\n<li><strong>Completar el formulario:<\/strong> Llenar el formulario de inscripci\u00f3n correspondiente a la l\u00ednea de beca seleccionada.<\/li>\n<li><strong>Adjuntar la documentaci\u00f3n:<\/strong> Presentar la documentaci\u00f3n requerida, como constancia de inscripci\u00f3n en una instituci\u00f3n educativa y certificaci\u00f3n de ingresos del grupo familiar.<\/li>\n<li><strong>Enviar la solicitud:<\/strong> Una vez completados los pasos anteriores, enviar la solicitud para su evaluaci\u00f3n.<\/li>\n<\/ul>\n","protected":false},"excerpt":{"rendered":"<p>La inscripci\u00f3n a la segunda tanda de las Becas Progresar abri\u00f3 el 5 de septiembre &nbsp; &nbsp; Luego de que el Ministerio de Capital Humano anunciara la apertura para una nueva tanda de las Becas Progresar y confirmara un aumento en el monto que cobrar\u00e1n los beneficiarios, ahora trascendi\u00f3 cu\u00e1l es la fecha l\u00edmite para la inscripci\u00f3n. &nbsp; \u00bfCu\u00e1l es el monto de septiembre con aumento de las Becas Progresar? Se aprob\u00f3 un aumento del monto mensual para las diferentes l\u00edneas del programa. A partir de septiembre de 2024, el&#8230;<\/p>\n","protected":false},"author":3,"featured_media":69664,"comment_status":"closed","ping_status":"closed","sticky":false,"template":"","format":"standard","meta":[],"categories":[2],"tags":[],"_links":{"self":[{"href":"https:\/\/www.actualidadadiario.com\/index.php\/wp-json\/wp\/v2\/posts\/120338"}],"collection":[{"href":"https:\/\/www.actualidadadiario.com\/index.php\/wp-json\/wp\/v2\/posts"}],"about":[{"href":"https:\/\/www.actualidadadiario.com\/index.php\/wp-json\/wp\/v2\/types\/post"}],"author":[{"embeddable":true,"href":"https:\/\/www.actualidadadiario.com\/index.php\/wp-json\/wp\/v2\/users\/3"}],"replies":[{"embeddable":true,"href":"https:\/\/www.actualidadadiario.com\/index.php\/wp-json\/wp\/v2\/comments?post=120338"}],"version-history":[{"count":1,"href":"https:\/\/www.actualidadadiario.com\/index.php\/wp-json\/wp\/v2\/posts\/120338\/revisions"}],"predecessor-version":[{"id":120339,"href":"https:\/\/www.actualidadadiario.com\/index.php\/wp-json\/wp\/v2\/posts\/120338\/revisions\/120339"}],"wp:featuredmedia":[{"embeddable":true,"href":"https:\/\/www.actualidadadiario.com\/index.php\/wp-json\/wp\/v2\/media\/69664"}],"wp:attachment":[{"href":"https:\/\/www.actualidadadiario.com\/index.php\/wp-json\/wp\/v2\/media?parent=120338"}],"wp:term":[{"taxonomy":"category","embeddable":true,"href":"https:\/\/www.actualidadadiario.com\/index.php\/wp-json\/wp\/v2\/categories?post=120338"},{"taxonomy":"post_tag","embeddable":true,"href":"https:\/\/www.actualidadadiario.com\/index.php\/wp-json\/wp\/v2\/tags?post=120338"}],"curies":[{"name":"wp","href":"https:\/\/api.w.org\/{rel}","templated":true}]}}