{"id":120333,"date":"2024-09-19T11:20:56","date_gmt":"2024-09-19T14:20:56","guid":{"rendered":"https:\/\/www.actualidadadiario.com\/?p=120333"},"modified":"2024-09-19T11:20:56","modified_gmt":"2024-09-19T14:20:56","slug":"jujuy-se-sumo-al-lote-de-provincias-que-cobraran-a-extranjeros-la-atencion-en-hospitales-publicos","status":"publish","type":"post","link":"https:\/\/www.actualidadadiario.com\/index.php\/2024\/09\/19\/jujuy-se-sumo-al-lote-de-provincias-que-cobraran-a-extranjeros-la-atencion-en-hospitales-publicos\/","title":{"rendered":"Jujuy se sum\u00f3 al lote de provincias que cobrar\u00e1n a extranjeros la atenci\u00f3n en hospitales p\u00fablicos"},"content":{"rendered":"<p style=\"text-align: center;\"><em><strong>La Legislatura juje\u00f1a aprob\u00f3 una ley que reglament\u00f3 una iniciativa que ya hab\u00eda sido impulsada por el exgobernador Morales. \u201cNo tenemos nada en contra de los hermanos bolivianos pero necesitamos ordenar nuestra salud\u201d<\/strong><\/em><\/p>\n<p>&nbsp;<\/p>\n<p>&nbsp;<\/p>\n<p>La Legislatura de Jujuy aprob\u00f3 el cobro a extranjeros de la atenci\u00f3n en el sistema de salud p\u00fablico, por lo que se sum\u00f3 a lote de provincias en donde ya rige el sistema y que estaba integrado hasta hoy por Salta, Santa Cruz y Mendoza, en un contexto favorecido por la Naci\u00f3n debido a que hace unas semanas el ministro de Salud, Mario Russo, admiti\u00f3 que se estudia que una medida similar rija para todos los hospitales p\u00fablicos del pa\u00eds.<\/p>\n<p>&#8220;Sabemos que cuando vamos a Bolivia no nos atienden si tenemos alg\u00fan percance, por lo que espero que esto provoque una reacci\u00f3n en el gobierno boliviano&#8221;, sostuvo esta ma\u00f1ana el titular de la cartera de salud juje\u00f1a, Gustavo Bouhid, antes de la decisi\u00f3n del Poder Legislativo provincial.<\/p>\n<p>En rigor, los legisladores aprobaron por amplia mayor\u00eda ley 6.415 que reglament\u00f3 el Sistema Provincial de Seguros de Salud para Extranjeros, que establece el &#8220;cobro de aranceles en los centros de salud y hospitales p\u00fablicos provinciales a los extranjeros residentes transitorios y precarios, que deber\u00e1n solventar las erogaciones de la atenci\u00f3n que demanden, a trav\u00e9s de un seguro de salud en el \u00e1mbito local o, ante la falta de \u00e9ste, por s\u00ed mismos considerando los valores vigentes establecidos en el nomenclador arancelario del Instituto de Seguros de Jujuy&#8221;.<\/p>\n<p>Durante el debate se expusieron cifras del Ministerio de Salud provincial, en donde se se\u00f1al\u00f3 que entre el 2023 y el primer semestre del 2024 hubo 77.310 atenciones ambulatorias a extranjeros, de las cuales 71.517 fueron de nacionalidad boliviana. Santiago Jubert, presidente del oficialista Bloque Frente Cambia Jujuy, inform\u00f3 que en 2019 se procur\u00f3 avanzar en un convenio de reciprocidad con Bolivia pero fracas\u00f3. &#8220;Trabajamos mucho, fuimos prudentes en los tiempos, no tenemos nada en contra de los hermanos bolivianos pero necesitamos ordenar nuestra salud y darle garant\u00edas a los juje\u00f1os&#8221;, sostuvo.<\/p>\n<p>Desde la bancada oficialista se argument\u00f3 que el cobro de la atenci\u00f3n m\u00e9dica a ciudadanos extranjeros en la provincia hab\u00eda sido aprobada hace cinco a\u00f1os -v\u00eda ley 6.116, Sistema de Seguro de Salud para Personas Extranjeras- pero estaba en suspenso por la firma de un convenio de reciprocidad entre Argentina y Bolivia -que permit\u00eda que los ciudadanos de ambos pa\u00edses recibieran atenci\u00f3n m\u00e9dica gratuita en el pa\u00eds vecino- pero que no se hizo efectivo desde el vecino pa\u00eds. El proyecto de ley de entonces, en 2019, hab\u00eda sido impulsado por el exgobernador Gerardo Morales cuando se hizo p\u00fablico el caso del m\u00fasico juje\u00f1o Manuel Vilca, quien sufri\u00f3 un accidente en Bolivia y tuvo que pagar $122.000 por la atenci\u00f3n recibida en un hospital p\u00fablico. Ese episodio puso en evidencia la ausencia de la reciprocidad en la atenci\u00f3n sanitaria entre ambos pa\u00edses.<\/p>\n<p>&nbsp;<\/p>\n<p><strong>Seguro de salud<\/strong><\/p>\n<p>De ahora en m\u00e1s, ser\u00e1 el gobernador Carlos Sadir el que decida desde cu\u00e1ndo se aplicar\u00e1 la norma, como ya se hace en Salta, Santa Cruz y Mendoza. Se sabe que en las legislaturas de Misiones, Corrientes, Entre R\u00edos, Neuqu\u00e9n y C\u00f3rdoba hay proyectos de ley en id\u00e9ntica direcci\u00f3n y que avanzar\u00edan en las pr\u00f3ximas semanas.<\/p>\n<p>La medida adoptada por los legisladores juje\u00f1os apunta a extranjeros que no tengan residencia permanente, como turistas o residentes transitorios, quienes deber\u00e1n contar con un seguro de salud que cubra los gastos derivados de su atenci\u00f3n m\u00e9dica en Jujuy. De no contar con este seguro, podr\u00e1n solventar los gastos por cuenta propia y para ello se trabaja en la habilitaci\u00f3n de medios electr\u00f3nicos de pago, como tarjetas de cr\u00e9dito y aplicaciones m\u00f3viles para facilitar el proceso.<\/p>\n<p>El titular de la cartera de salud juje\u00f1a, Gustavo Bouhid, aclar\u00f3 que &#8220;la atenci\u00f3n por una emergencia se prestar\u00e1 en todos los casos y sin pago alguno. En cualquier situaci\u00f3n con riesgo de vida est\u00e1 garantizada la atenci\u00f3n y sin pago posterior, pero no as\u00ed con las situaciones que no sean emergencias&#8221;. &#8220;El sentido com\u00fan indicar\u00eda que tengamos acciones conjuntas con Bolivia porque las enfermedades transmisibles como la tuberculosis, el VIH y las gripes, no respetan la divisi\u00f3n territorial. Pero hoy sostenemos al sistema nosotros, cuando lo podr\u00edamos hacer juntos&#8221;, cerr\u00f3.<\/p>\n<p>Hace tres semanas, el ministro de Salud de la Naci\u00f3n, Mario Russo, inform\u00f3 en una entrevista que su cartera avanza con un proyecto de ley y otras medidas para cobrar la atenci\u00f3n de salud a los ciudadanos extranjeros que no residan en el pa\u00eds y limitar la compra de medicamentos de alto costo.<\/p>\n","protected":false},"excerpt":{"rendered":"<p>La Legislatura juje\u00f1a aprob\u00f3 una ley que reglament\u00f3 una iniciativa que ya hab\u00eda sido impulsada por el exgobernador Morales. \u201cNo tenemos nada en contra de los hermanos bolivianos pero necesitamos ordenar nuestra salud\u201d &nbsp; &nbsp; La Legislatura de Jujuy aprob\u00f3 el cobro a extranjeros de la atenci\u00f3n en el sistema de salud p\u00fablico, por lo que se sum\u00f3 a lote de provincias en donde ya rige el sistema y que estaba integrado hasta hoy por Salta, Santa Cruz y Mendoza, en un contexto favorecido por la Naci\u00f3n debido a que&#8230;<\/p>\n","protected":false},"author":3,"featured_media":120334,"comment_status":"closed","ping_status":"closed","sticky":false,"template":"","format":"standard","meta":[],"categories":[2],"tags":[],"_links":{"self":[{"href":"https:\/\/www.actualidadadiario.com\/index.php\/wp-json\/wp\/v2\/posts\/120333"}],"collection":[{"href":"https:\/\/www.actualidadadiario.com\/index.php\/wp-json\/wp\/v2\/posts"}],"about":[{"href":"https:\/\/www.actualidadadiario.com\/index.php\/wp-json\/wp\/v2\/types\/post"}],"author":[{"embeddable":true,"href":"https:\/\/www.actualidadadiario.com\/index.php\/wp-json\/wp\/v2\/users\/3"}],"replies":[{"embeddable":true,"href":"https:\/\/www.actualidadadiario.com\/index.php\/wp-json\/wp\/v2\/comments?post=120333"}],"version-history":[{"count":1,"href":"https:\/\/www.actualidadadiario.com\/index.php\/wp-json\/wp\/v2\/posts\/120333\/revisions"}],"predecessor-version":[{"id":120335,"href":"https:\/\/www.actualidadadiario.com\/index.php\/wp-json\/wp\/v2\/posts\/120333\/revisions\/120335"}],"wp:featuredmedia":[{"embeddable":true,"href":"https:\/\/www.actualidadadiario.com\/index.php\/wp-json\/wp\/v2\/media\/120334"}],"wp:attachment":[{"href":"https:\/\/www.actualidadadiario.com\/index.php\/wp-json\/wp\/v2\/media?parent=120333"}],"wp:term":[{"taxonomy":"category","embeddable":true,"href":"https:\/\/www.actualidadadiario.com\/index.php\/wp-json\/wp\/v2\/categories?post=120333"},{"taxonomy":"post_tag","embeddable":true,"href":"https:\/\/www.actualidadadiario.com\/index.php\/wp-json\/wp\/v2\/tags?post=120333"}],"curies":[{"name":"wp","href":"https:\/\/api.w.org\/{rel}","templated":true}]}}