{"id":120331,"date":"2024-09-19T11:19:37","date_gmt":"2024-09-19T14:19:37","guid":{"rendered":"https:\/\/www.actualidadadiario.com\/?p=120331"},"modified":"2024-09-19T11:19:37","modified_gmt":"2024-09-19T14:19:37","slug":"ya-se-pueden-inscribir-autos-y-motos-en-cualquier-registro-del-pais","status":"publish","type":"post","link":"https:\/\/www.actualidadadiario.com\/index.php\/2024\/09\/19\/ya-se-pueden-inscribir-autos-y-motos-en-cualquier-registro-del-pais\/","title":{"rendered":"Ya se pueden inscribir autos y motos en cualquier Registro del pa\u00eds"},"content":{"rendered":"<p style=\"text-align: center;\"><em><strong>La medida permitir\u00e1 que los ciudadanos puedan anotar sus veh\u00edculos &#8220;donde les sea m\u00e1s barato y c\u00f3modo\u201d, seg\u00fan precis\u00f3 el Ministro de Justicia de la Naci\u00f3n, Mariano C\u00faneo Libarona<\/strong><\/em><\/p>\n<p>&nbsp;<\/p>\n<p>&nbsp;<\/p>\n<p>El Gobierno Nacional emiti\u00f3 la Circular D.N. N\u00b0 20\/24, que introduce cambios significativos en los tr\u00e1mites de inscripci\u00f3n de automotores y motoveh\u00edculos en los distintos registros del pa\u00eds. Esta modificaci\u00f3n se produce tras la derogaci\u00f3n de los art\u00edculos 11 y 12 del R\u00e9gimen Jur\u00eddico del Automotor, establecido por el Decreto-Ley N\u00b0 6582\/58.<\/p>\n<p>Seg\u00fan Roberto Delgado, presidente de la C\u00e1mara de Mandatarios y Gestores, la nueva normativa permite que los propietarios de veh\u00edculos 0km puedan inscribir sus autom\u00f3viles en cualquier Registro Seccional del pa\u00eds, eliminando la obligaci\u00f3n de hacerlo en la jurisdicci\u00f3n de su domicilio.<\/p>\n<p>Esta medida busca simplificar el proceso de inscripci\u00f3n y facilitar el acceso para los usuarios.<\/p>\n<p>Se habilit\u00f3 la inscripci\u00f3n de autos y motos 0km en cualquier Registro Seccional del pa\u00eds<\/p>\n<p>En ese marco, el Ministro de Justicia de la Naci\u00f3n, Mariano C\u00faneo Libarona, habilit\u00f3 este mi\u00e9rcoles la inscripci\u00f3n inicial de automotores y motoveh\u00edculos 0km en cualquier Registro Seccional del pa\u00eds, con independencia de la jurisdicci\u00f3n que corresponda al domicilio del adquirente.<\/p>\n<p>Al respecto, el Ministro sostuvo que \u201cesta medida permite que los ciudadanos puedan inscribir sus veh\u00edculos donde les sea m\u00e1s barato y c\u00f3modo\u201d.<\/p>\n<p>Agreg\u00f3 que \u201cesto generar\u00e1 que los Registros se vean obligados a competir entre s\u00ed por los inscriptores, y que las provincias y municipios deban regular sus tarifas para abaratar los costos y atraer m\u00e1s usuarios\u201d.<\/p>\n<p>Adicionalmente, inform\u00f3 que \u201cya se encuentra operativo el nuevo formulario 08 que da la opci\u00f3n a los usuarios de elegir si pagar o no en el Registro los impuestos provinciales y municipales de multas, patentes y sellos\u201d. Las seccionales dejaran de retener obligatoriamente impuestos de sellos, multas y patentes cuando terminen de caer los convenios que ya denunciamos.<\/p>\n","protected":false},"excerpt":{"rendered":"<p>La medida permitir\u00e1 que los ciudadanos puedan anotar sus veh\u00edculos &#8220;donde les sea m\u00e1s barato y c\u00f3modo\u201d, seg\u00fan precis\u00f3 el Ministro de Justicia de la Naci\u00f3n, Mariano C\u00faneo Libarona &nbsp; &nbsp; El Gobierno Nacional emiti\u00f3 la Circular D.N. N\u00b0 20\/24, que introduce cambios significativos en los tr\u00e1mites de inscripci\u00f3n de automotores y motoveh\u00edculos en los distintos registros del pa\u00eds. Esta modificaci\u00f3n se produce tras la derogaci\u00f3n de los art\u00edculos 11 y 12 del R\u00e9gimen Jur\u00eddico del Automotor, establecido por el Decreto-Ley N\u00b0 6582\/58. Seg\u00fan Roberto Delgado, presidente de la C\u00e1mara&#8230;<\/p>\n","protected":false},"author":3,"featured_media":117535,"comment_status":"closed","ping_status":"closed","sticky":false,"template":"","format":"standard","meta":[],"categories":[2],"tags":[],"_links":{"self":[{"href":"https:\/\/www.actualidadadiario.com\/index.php\/wp-json\/wp\/v2\/posts\/120331"}],"collection":[{"href":"https:\/\/www.actualidadadiario.com\/index.php\/wp-json\/wp\/v2\/posts"}],"about":[{"href":"https:\/\/www.actualidadadiario.com\/index.php\/wp-json\/wp\/v2\/types\/post"}],"author":[{"embeddable":true,"href":"https:\/\/www.actualidadadiario.com\/index.php\/wp-json\/wp\/v2\/users\/3"}],"replies":[{"embeddable":true,"href":"https:\/\/www.actualidadadiario.com\/index.php\/wp-json\/wp\/v2\/comments?post=120331"}],"version-history":[{"count":1,"href":"https:\/\/www.actualidadadiario.com\/index.php\/wp-json\/wp\/v2\/posts\/120331\/revisions"}],"predecessor-version":[{"id":120332,"href":"https:\/\/www.actualidadadiario.com\/index.php\/wp-json\/wp\/v2\/posts\/120331\/revisions\/120332"}],"wp:featuredmedia":[{"embeddable":true,"href":"https:\/\/www.actualidadadiario.com\/index.php\/wp-json\/wp\/v2\/media\/117535"}],"wp:attachment":[{"href":"https:\/\/www.actualidadadiario.com\/index.php\/wp-json\/wp\/v2\/media?parent=120331"}],"wp:term":[{"taxonomy":"category","embeddable":true,"href":"https:\/\/www.actualidadadiario.com\/index.php\/wp-json\/wp\/v2\/categories?post=120331"},{"taxonomy":"post_tag","embeddable":true,"href":"https:\/\/www.actualidadadiario.com\/index.php\/wp-json\/wp\/v2\/tags?post=120331"}],"curies":[{"name":"wp","href":"https:\/\/api.w.org\/{rel}","templated":true}]}}