{"id":120329,"date":"2024-09-19T11:18:45","date_gmt":"2024-09-19T14:18:45","guid":{"rendered":"https:\/\/www.actualidadadiario.com\/?p=120329"},"modified":"2024-09-19T11:18:45","modified_gmt":"2024-09-19T14:18:45","slug":"desocupacion-en-el-segundo-trimestre-indec-publica-un-dato-sensible-para-el-pulso-de-la-actividad","status":"publish","type":"post","link":"https:\/\/www.actualidadadiario.com\/index.php\/2024\/09\/19\/desocupacion-en-el-segundo-trimestre-indec-publica-un-dato-sensible-para-el-pulso-de-la-actividad\/","title":{"rendered":"Desocupaci\u00f3n en el segundo trimestre: INDEC publica un dato sensible para el pulso de la actividad"},"content":{"rendered":"<p style=\"text-align: center;\"><em><strong>Este jueves se conocer\u00e1 el dato de la desocupaci\u00f3n en el segundo trimestre del a\u00f1o. La ralentizaci\u00f3n de la actividad econ\u00f3mica no ayuda a visualizar que sea menor al 7,7% que marc\u00f3 en el primer trimestre<\/strong><\/em><\/p>\n<p>&nbsp;<\/p>\n<p>&nbsp;<\/p>\n<p>El Instituto Nacional de Estad\u00edstica y Censos (Indec) dar\u00e1 a conocer este 19 de septiembre un dato sensible para la econom\u00eda y para la opini\u00f3n p\u00fablica en general, como es el \u00cdndice de Desocupaci\u00f3n durante el segundo trimestre del 2024.<\/p>\n<p>A medida que la inflaci\u00f3n fue cediendo en los \u00faltimos meses, el inter\u00e9s de los argentinos pareci\u00f3 ir mudando de objetivo, y el \u00cdndice de Incertidumbre Econ\u00f3mica UCA mostr\u00f3 en agosto como la desocupaci\u00f3n, los salarios y la pobreza encabezan ahora el ranking de preocupaci\u00f3n de los argentinos.<\/p>\n<p>En este contexto se conocer\u00e1 el dato de desocupaci\u00f3n de abril-mayo-junio, un per\u00edodo en el que la econom\u00eda arrastr\u00f3 una ca\u00edda del 1,7% respecto a igual per\u00edodo del a\u00f1o anterior, dato para nada alentador si se lo relaciona con el empleo.<\/p>\n<p>En el segundo trimestre del 2023, el per\u00edodo a comparar, la desocupaci\u00f3n se ubicaba en el 6,2%.<\/p>\n<p>Por otra parte, la tasa de desempleo alcanz\u00f3 a 7,7% de la poblaci\u00f3n en condiciones de trabajar en el primer trimestre del a\u00f1o en curso, ya por encima del 5,7% con que termin\u00f3 el 2023.<\/p>\n<p>Entre medio de esas dos mediciones, la econom\u00eda en su conjunto hab\u00eda ca\u00eddo 2,2%, seg\u00fan el Indec.<\/p>\n<p>Algunos n\u00fameros de la p\u00e9rdida de puestos de trabajo que vienen mostrando los privados<\/p>\n<p>Antes del dato oficial, han venido circulando datos de mediciones privadas que adelanta la p\u00e9rdida de muchos puestos de trabajo en especial en las pymes.<\/p>\n<p>El presidente de la Asociaci\u00f3n de Empresarios, Leonardo Bilanski, asegur\u00f3 al Canal E recientemente que en los \u00faltimos meses la pymes registraron la p\u00e9rdida de 136 mil puestos de trabajo.<\/p>\n<p>\u201cEn estos primeros meses del a\u00f1o, se despidieron 136.000 trabajadores registrados privados, el sector privado sigue con una ca\u00edda, por lo cual, todav\u00eda es err\u00e1tica la creaci\u00f3n de empleos\u201d, sostuvo el entrevistado, que despu\u00e9s complet\u00f3: \u201cSe est\u00e1 sosteniendo la destrucci\u00f3n, que es parte de la estrategia que usan los empresarios PyMEs para mantenerse en el punto de equilibrio\u201d, dijo<\/p>\n<p>Otro trabajo de la UBA mide la p\u00e9rdida de puestos trabajo durante la administraci\u00f3n de Javier Milei, aunque hay que resaltar que es m\u00e1s amplio y no se enfoca s\u00f3lo en el trimestre que publicar\u00e1 este jueves el INDEC.<\/p>\n<p>El informe es de la Facultad de Ciencias Econ\u00f3micas de la UBA\u00a0 e indica que durante los primeros 7 meses del actual gobierno libertario de Javier Milei se perdieron m\u00e1s de 182 mil puestos de trabajo formal, La ca\u00edda se retrotrae a octubre del a\u00f1o pasado pero asegura que s\u00f3lo en junio -\u00faltimo dato disponible-, se perdieron unas 12.000 ocupaciones.<\/p>\n<p>&#8220;La din\u00e1mica contractiva del empleo formal se ha venido verificando desde octubre de 2023, acumulando nueve meses de ca\u00eddas consecutivas. Durante este per\u00edodo el n\u00famero de asalariados formales se redujo en algo m\u00e1s de 200 mil, representando una disminuci\u00f3n de casi 2% respecto del mes de septiembre del a\u00f1o pasado&#8221;, explica el informe coordinado por Roxana Maurizio y Luis Beccaria y elaborado por el \u00c1rea de Empleo, Distribuci\u00f3n e Instituciones Laborales (EDIL), perteneciente al Instituto Interdisciplinario de Econom\u00eda Pol\u00edtica (IIEP).<\/p>\n<p>Un dato similar aporta el Centro de Econom\u00eda Pol\u00edtica Argentina (CEPA), en base a la Superintendencia de Riesgos de Trabajo al relevar que en el primer semestre de 2024 se perdieron m\u00e1s de 170 mil empleos, la mayor\u00eda de ellos en el sector de la construcci\u00f3n.<\/p>\n","protected":false},"excerpt":{"rendered":"<p>Este jueves se conocer\u00e1 el dato de la desocupaci\u00f3n en el segundo trimestre del a\u00f1o. La ralentizaci\u00f3n de la actividad econ\u00f3mica no ayuda a visualizar que sea menor al 7,7% que marc\u00f3 en el primer trimestre &nbsp; &nbsp; El Instituto Nacional de Estad\u00edstica y Censos (Indec) dar\u00e1 a conocer este 19 de septiembre un dato sensible para la econom\u00eda y para la opini\u00f3n p\u00fablica en general, como es el \u00cdndice de Desocupaci\u00f3n durante el segundo trimestre del 2024. A medida que la inflaci\u00f3n fue cediendo en los \u00faltimos meses, el&#8230;<\/p>\n","protected":false},"author":3,"featured_media":44237,"comment_status":"closed","ping_status":"closed","sticky":false,"template":"","format":"standard","meta":[],"categories":[9],"tags":[],"_links":{"self":[{"href":"https:\/\/www.actualidadadiario.com\/index.php\/wp-json\/wp\/v2\/posts\/120329"}],"collection":[{"href":"https:\/\/www.actualidadadiario.com\/index.php\/wp-json\/wp\/v2\/posts"}],"about":[{"href":"https:\/\/www.actualidadadiario.com\/index.php\/wp-json\/wp\/v2\/types\/post"}],"author":[{"embeddable":true,"href":"https:\/\/www.actualidadadiario.com\/index.php\/wp-json\/wp\/v2\/users\/3"}],"replies":[{"embeddable":true,"href":"https:\/\/www.actualidadadiario.com\/index.php\/wp-json\/wp\/v2\/comments?post=120329"}],"version-history":[{"count":1,"href":"https:\/\/www.actualidadadiario.com\/index.php\/wp-json\/wp\/v2\/posts\/120329\/revisions"}],"predecessor-version":[{"id":120330,"href":"https:\/\/www.actualidadadiario.com\/index.php\/wp-json\/wp\/v2\/posts\/120329\/revisions\/120330"}],"wp:featuredmedia":[{"embeddable":true,"href":"https:\/\/www.actualidadadiario.com\/index.php\/wp-json\/wp\/v2\/media\/44237"}],"wp:attachment":[{"href":"https:\/\/www.actualidadadiario.com\/index.php\/wp-json\/wp\/v2\/media?parent=120329"}],"wp:term":[{"taxonomy":"category","embeddable":true,"href":"https:\/\/www.actualidadadiario.com\/index.php\/wp-json\/wp\/v2\/categories?post=120329"},{"taxonomy":"post_tag","embeddable":true,"href":"https:\/\/www.actualidadadiario.com\/index.php\/wp-json\/wp\/v2\/tags?post=120329"}],"curies":[{"name":"wp","href":"https:\/\/api.w.org\/{rel}","templated":true}]}}