{"id":120324,"date":"2024-09-19T09:41:43","date_gmt":"2024-09-19T12:41:43","guid":{"rendered":"https:\/\/www.actualidadadiario.com\/?p=120324"},"modified":"2024-09-19T09:41:43","modified_gmt":"2024-09-19T12:41:43","slug":"se-suspendio-la-visita-de-bullrich-a-concordia","status":"publish","type":"post","link":"https:\/\/www.actualidadadiario.com\/index.php\/2024\/09\/19\/se-suspendio-la-visita-de-bullrich-a-concordia\/","title":{"rendered":"Se suspendi\u00f3 la visita de Bullrich a Concordia"},"content":{"rendered":"<p style=\"text-align: center;\"><em><strong>El motivo se debe a que el Servicio Meteorol\u00f3gico Nacional anunci\u00f3 tormentas. Las actividades fueron reprogramadas sin fecha determinada. All\u00ed tambi\u00e9n iba a estar presente el gobernador Rogelio Frigerio junto al ministro de Seguridad, N\u00e9stor Roncaglia<\/strong><\/em><\/p>\n<p>&nbsp;<\/p>\n<p>&nbsp;<\/p>\n<p>El intendente Francisco Azcu\u00e9 anticip\u00f3 que debido a la previsi\u00f3n de tormentas para este jueves, la ministra de Seguridad de la Naci\u00f3n, Patricia Bullrich, debi\u00f3 suspender la visita prevista a Concordia para participar de la reuni\u00f3n del Consejo de Seguridad local.<\/p>\n<p>Toda la actividad del Consejo de Seguridad fue reprogramada, para una nueva fecha que ser\u00e1 definida en conjunto con la ministra Bullrich.<\/p>\n<p>All\u00ed iba a estar presente el gobernador Rogelio Frigerio y el ministro de Seguridad y Justicia, N\u00e9stor Roncaglia, que ten\u00edan previsto participar de una reuni\u00f3n del Consejo de Seguridad junto a Bullrich.<\/p>\n","protected":false},"excerpt":{"rendered":"<p>El motivo se debe a que el Servicio Meteorol\u00f3gico Nacional anunci\u00f3 tormentas. Las actividades fueron reprogramadas sin fecha determinada. All\u00ed tambi\u00e9n iba a estar presente el gobernador Rogelio Frigerio junto al ministro de Seguridad, N\u00e9stor Roncaglia &nbsp; &nbsp; El intendente Francisco Azcu\u00e9 anticip\u00f3 que debido a la previsi\u00f3n de tormentas para este jueves, la ministra de Seguridad de la Naci\u00f3n, Patricia Bullrich, debi\u00f3 suspender la visita prevista a Concordia para participar de la reuni\u00f3n del Consejo de Seguridad local. Toda la actividad del Consejo de Seguridad fue reprogramada, para una&#8230;<\/p>\n","protected":false},"author":3,"featured_media":120094,"comment_status":"closed","ping_status":"closed","sticky":false,"template":"","format":"standard","meta":[],"categories":[15],"tags":[],"_links":{"self":[{"href":"https:\/\/www.actualidadadiario.com\/index.php\/wp-json\/wp\/v2\/posts\/120324"}],"collection":[{"href":"https:\/\/www.actualidadadiario.com\/index.php\/wp-json\/wp\/v2\/posts"}],"about":[{"href":"https:\/\/www.actualidadadiario.com\/index.php\/wp-json\/wp\/v2\/types\/post"}],"author":[{"embeddable":true,"href":"https:\/\/www.actualidadadiario.com\/index.php\/wp-json\/wp\/v2\/users\/3"}],"replies":[{"embeddable":true,"href":"https:\/\/www.actualidadadiario.com\/index.php\/wp-json\/wp\/v2\/comments?post=120324"}],"version-history":[{"count":1,"href":"https:\/\/www.actualidadadiario.com\/index.php\/wp-json\/wp\/v2\/posts\/120324\/revisions"}],"predecessor-version":[{"id":120325,"href":"https:\/\/www.actualidadadiario.com\/index.php\/wp-json\/wp\/v2\/posts\/120324\/revisions\/120325"}],"wp:featuredmedia":[{"embeddable":true,"href":"https:\/\/www.actualidadadiario.com\/index.php\/wp-json\/wp\/v2\/media\/120094"}],"wp:attachment":[{"href":"https:\/\/www.actualidadadiario.com\/index.php\/wp-json\/wp\/v2\/media?parent=120324"}],"wp:term":[{"taxonomy":"category","embeddable":true,"href":"https:\/\/www.actualidadadiario.com\/index.php\/wp-json\/wp\/v2\/categories?post=120324"},{"taxonomy":"post_tag","embeddable":true,"href":"https:\/\/www.actualidadadiario.com\/index.php\/wp-json\/wp\/v2\/tags?post=120324"}],"curies":[{"name":"wp","href":"https:\/\/api.w.org\/{rel}","templated":true}]}}