{"id":120322,"date":"2024-09-19T09:40:54","date_gmt":"2024-09-19T12:40:54","guid":{"rendered":"https:\/\/www.actualidadadiario.com\/?p=120322"},"modified":"2024-09-19T09:40:54","modified_gmt":"2024-09-19T12:40:54","slug":"conflicto-docente-agmer-define-en-congreso-y-amet-culmina-las-asambleas-escolares","status":"publish","type":"post","link":"https:\/\/www.actualidadadiario.com\/index.php\/2024\/09\/19\/conflicto-docente-agmer-define-en-congreso-y-amet-culmina-las-asambleas-escolares\/","title":{"rendered":"Conflicto docente: Agmer define en Congreso y AMET culmina las asambleas escolares"},"content":{"rendered":"<p style=\"text-align: center;\"><em><strong>Agmer desarrollar\u00e1 un Congreso Extraordinario este jueves en Villaguay para resolver si acepta o rechaza la \u00faltima propuesta salarial presentada el martes por el Gobierno. AMET, por su parte, contin\u00faa con las asambleas escolares y por la tarde realizar\u00e1 la compatibilizaci\u00f3n de mandatos. El viernes habr\u00e1 una nueva audiencia entre las partes, en el marco de la conciliaci\u00f3n obligatoria dispuesta por la justicia<\/strong><\/em><\/p>\n<p>&nbsp;<\/p>\n<p>&nbsp;<\/p>\n<p>La cuarta sesi\u00f3n del CCVII Congreso Extraordinario de la Asociaci\u00f3n Gremial del Magisterio de Entre R\u00edos (Agmer) se desarrollar\u00e1 a partir de las 9:00 hs en el sal\u00f3n de Seccional Villaguay, con modalidad presencial. All\u00ed se dar\u00e1 tratamiento a diversos temas, principalmente el \u201can\u00e1lisis de la situaci\u00f3n nacional y provincial\u201d y las \u201cestrategias a seguir\u201d, seg\u00fan se inform\u00f3 oportunamente desde el gremio.<\/p>\n<p>Por su parte, la Asociaci\u00f3n del Magisterio de la Ense\u00f1anza T\u00e9cnica (AMET), contin\u00faa hoy con la evaluaci\u00f3n de la propuesta en asambleas en las escuelas, que se iniciaron el mi\u00e9rcoles en los turnos tarde y noche, mientras que este jueves se realizan en el turno ma\u00f1ana. Por la tarde se har\u00e1 la compatibilizaci\u00f3n de mandatos y, de acuerdo a su resultado, se resolver\u00e1 si se acepta o rechaza la oferta.<\/p>\n<p>&nbsp;<\/p>\n<p><strong>La oferta<\/strong><\/p>\n<p>El martes el Gobierno present\u00f3 una nueva oferta salarial durante la audiencia de conciliaci\u00f3n que tuvo lugar en el Juzgado Laboral N\u00ba 4 a cargo de la Juez Mar\u00eda Alejandra Abud.<\/p>\n<p>&nbsp;<\/p>\n<p><strong>La propuesta contiene los siguientes puntos:<\/strong><\/p>\n<p>&#8211; Aumento para los meses de septiembre a diciembre 2024 igual al IPC \u2013 Indec nivel general \u2013 del mes inmediato anterior.<\/p>\n<p>&#8211; Dos pagos de 3,275% con los salarios de septiembre y octubre 2024 respectivamente a los efectos de mitigar el desfasaje ante la ca\u00edda de Fonid y la diferencia por inflaci\u00f3n.<\/p>\n<p>&#8211; Una cl\u00e1usula que garantice, al final del semestre, una evaluaci\u00f3n del IPC del per\u00edodo, a ser aplicada con los salarios de enero 2025.<\/p>\n<p>&#8211; Una cl\u00e1usula que garantice un salario m\u00ednimo de bolsillo para un cargo docente de un 10% por encima de la canasta b\u00e1sica para un hogar de 4 integrantes, seg\u00fan datos de Indec.<\/p>\n<p>&#8211; Aumento del tope del c\u00f3digo 029 para cubrir hasta 80 km.<\/p>\n<p>Adem\u00e1s, en ese encuentro se arrib\u00f3 a un acuerdo con respecto al modo en el que se recuperar\u00e1n los saberes perdidos debido a los casi 20 d\u00edas de paro que hubo este a\u00f1o.<\/p>\n<p>La jueza estableci\u00f3 una nueva reuni\u00f3n para el pr\u00f3ximo viernes 20 de septiembre a las 17 hs. en los tribunales de Paran\u00e1, en donde esperan una respuesta por parte de las entidades sindicales.<\/p>\n","protected":false},"excerpt":{"rendered":"<p>Agmer desarrollar\u00e1 un Congreso Extraordinario este jueves en Villaguay para resolver si acepta o rechaza la \u00faltima propuesta salarial presentada el martes por el Gobierno. AMET, por su parte, contin\u00faa con las asambleas escolares y por la tarde realizar\u00e1 la compatibilizaci\u00f3n de mandatos. El viernes habr\u00e1 una nueva audiencia entre las partes, en el marco de la conciliaci\u00f3n obligatoria dispuesta por la justicia &nbsp; &nbsp; La cuarta sesi\u00f3n del CCVII Congreso Extraordinario de la Asociaci\u00f3n Gremial del Magisterio de Entre R\u00edos (Agmer) se desarrollar\u00e1 a partir de las 9:00 hs&#8230;<\/p>\n","protected":false},"author":3,"featured_media":107277,"comment_status":"closed","ping_status":"closed","sticky":false,"template":"","format":"standard","meta":[],"categories":[15],"tags":[],"_links":{"self":[{"href":"https:\/\/www.actualidadadiario.com\/index.php\/wp-json\/wp\/v2\/posts\/120322"}],"collection":[{"href":"https:\/\/www.actualidadadiario.com\/index.php\/wp-json\/wp\/v2\/posts"}],"about":[{"href":"https:\/\/www.actualidadadiario.com\/index.php\/wp-json\/wp\/v2\/types\/post"}],"author":[{"embeddable":true,"href":"https:\/\/www.actualidadadiario.com\/index.php\/wp-json\/wp\/v2\/users\/3"}],"replies":[{"embeddable":true,"href":"https:\/\/www.actualidadadiario.com\/index.php\/wp-json\/wp\/v2\/comments?post=120322"}],"version-history":[{"count":1,"href":"https:\/\/www.actualidadadiario.com\/index.php\/wp-json\/wp\/v2\/posts\/120322\/revisions"}],"predecessor-version":[{"id":120323,"href":"https:\/\/www.actualidadadiario.com\/index.php\/wp-json\/wp\/v2\/posts\/120322\/revisions\/120323"}],"wp:featuredmedia":[{"embeddable":true,"href":"https:\/\/www.actualidadadiario.com\/index.php\/wp-json\/wp\/v2\/media\/107277"}],"wp:attachment":[{"href":"https:\/\/www.actualidadadiario.com\/index.php\/wp-json\/wp\/v2\/media?parent=120322"}],"wp:term":[{"taxonomy":"category","embeddable":true,"href":"https:\/\/www.actualidadadiario.com\/index.php\/wp-json\/wp\/v2\/categories?post=120322"},{"taxonomy":"post_tag","embeddable":true,"href":"https:\/\/www.actualidadadiario.com\/index.php\/wp-json\/wp\/v2\/tags?post=120322"}],"curies":[{"name":"wp","href":"https:\/\/api.w.org\/{rel}","templated":true}]}}