{"id":120319,"date":"2024-09-19T09:40:10","date_gmt":"2024-09-19T12:40:10","guid":{"rendered":"https:\/\/www.actualidadadiario.com\/?p=120319"},"modified":"2024-09-19T09:40:10","modified_gmt":"2024-09-19T12:40:10","slug":"rige-una-alerta-amarilla-por-tormentas-para-este-jueves-en-el-noreste-de-entre-rios","status":"publish","type":"post","link":"https:\/\/www.actualidadadiario.com\/index.php\/2024\/09\/19\/rige-una-alerta-amarilla-por-tormentas-para-este-jueves-en-el-noreste-de-entre-rios\/","title":{"rendered":"Rige una alerta amarilla por tormentas para este jueves en el noreste de Entre R\u00edos"},"content":{"rendered":"<p style=\"text-align: center;\"><em><strong>Seg\u00fan el Servicio Meteorol\u00f3gico Nacional (SMN), los departamentos Concordia, Col\u00f3n, Feliciano, Federaci\u00f3n y Federal se ver\u00e1n afectados por tormentas. Se estima que la precipitaci\u00f3n acumulada ser\u00e1 de entre 30 a 50 mil\u00edmetros. Desde el gobierno provincial se insta a tomar recaudos<\/strong><\/em><\/p>\n<p>&nbsp;<\/p>\n<p>&nbsp;<\/p>\n<p>Las tormentas pueden ser algunas localmente fuertes, acompa\u00f1adas por ocasional ca\u00edda de granizo, intensa actividad el\u00e9ctrica, abundante ca\u00edda de agua en cortos per\u00edodos y, fundamentalmente, r\u00e1fagas muy intensas.<\/p>\n<p>Los valores de precipitaci\u00f3n acumulada mencionados pueden ser superados de forma local.<\/p>\n<p>Al respecto, desde el gobierno de la provincia se insta a la poblaci\u00f3n a tomar los recaudos necesarios para los departamentos mencionados.<\/p>\n<p>&nbsp;<\/p>\n<p><strong>Las recomendaciones son:<\/strong><\/p>\n<p>1- No sacar la basura. Retirar objetos que impidan que el agua escurra.<\/p>\n<p>2- Evitar actividades al aire libre.<\/p>\n<p>3- No refugiarse cerca de \u00e1rboles y postes de electricidad que puedan caerse.<\/p>\n<p>4- Para minimizar el riesgo de ser alcanzado por un rayo, no permanecer en playas, r\u00edos, lagunas o piletas.<\/p>\n<p>5- Estar atento ante la posible ca\u00edda de granizo.<\/p>\n<p>6- Informarse por las autoridades. Tener siempre lista una mochila de emergencias con linterna, radio, documentos y tel\u00e9fono.<\/p>\n","protected":false},"excerpt":{"rendered":"<p>Seg\u00fan el Servicio Meteorol\u00f3gico Nacional (SMN), los departamentos Concordia, Col\u00f3n, Feliciano, Federaci\u00f3n y Federal se ver\u00e1n afectados por tormentas. Se estima que la precipitaci\u00f3n acumulada ser\u00e1 de entre 30 a 50 mil\u00edmetros. Desde el gobierno provincial se insta a tomar recaudos &nbsp; &nbsp; Las tormentas pueden ser algunas localmente fuertes, acompa\u00f1adas por ocasional ca\u00edda de granizo, intensa actividad el\u00e9ctrica, abundante ca\u00edda de agua en cortos per\u00edodos y, fundamentalmente, r\u00e1fagas muy intensas. Los valores de precipitaci\u00f3n acumulada mencionados pueden ser superados de forma local. Al respecto, desde el gobierno de la&#8230;<\/p>\n","protected":false},"author":3,"featured_media":120320,"comment_status":"closed","ping_status":"closed","sticky":false,"template":"","format":"standard","meta":[],"categories":[15],"tags":[],"_links":{"self":[{"href":"https:\/\/www.actualidadadiario.com\/index.php\/wp-json\/wp\/v2\/posts\/120319"}],"collection":[{"href":"https:\/\/www.actualidadadiario.com\/index.php\/wp-json\/wp\/v2\/posts"}],"about":[{"href":"https:\/\/www.actualidadadiario.com\/index.php\/wp-json\/wp\/v2\/types\/post"}],"author":[{"embeddable":true,"href":"https:\/\/www.actualidadadiario.com\/index.php\/wp-json\/wp\/v2\/users\/3"}],"replies":[{"embeddable":true,"href":"https:\/\/www.actualidadadiario.com\/index.php\/wp-json\/wp\/v2\/comments?post=120319"}],"version-history":[{"count":1,"href":"https:\/\/www.actualidadadiario.com\/index.php\/wp-json\/wp\/v2\/posts\/120319\/revisions"}],"predecessor-version":[{"id":120321,"href":"https:\/\/www.actualidadadiario.com\/index.php\/wp-json\/wp\/v2\/posts\/120319\/revisions\/120321"}],"wp:featuredmedia":[{"embeddable":true,"href":"https:\/\/www.actualidadadiario.com\/index.php\/wp-json\/wp\/v2\/media\/120320"}],"wp:attachment":[{"href":"https:\/\/www.actualidadadiario.com\/index.php\/wp-json\/wp\/v2\/media?parent=120319"}],"wp:term":[{"taxonomy":"category","embeddable":true,"href":"https:\/\/www.actualidadadiario.com\/index.php\/wp-json\/wp\/v2\/categories?post=120319"},{"taxonomy":"post_tag","embeddable":true,"href":"https:\/\/www.actualidadadiario.com\/index.php\/wp-json\/wp\/v2\/tags?post=120319"}],"curies":[{"name":"wp","href":"https:\/\/api.w.org\/{rel}","templated":true}]}}