{"id":120317,"date":"2024-09-19T09:38:51","date_gmt":"2024-09-19T12:38:51","guid":{"rendered":"https:\/\/www.actualidadadiario.com\/?p=120317"},"modified":"2024-09-19T09:38:51","modified_gmt":"2024-09-19T12:38:51","slug":"oficializan-rebaja-en-la-tarifa-electrica-para-un-sector-de-usuarios-entrerrianos","status":"publish","type":"post","link":"https:\/\/www.actualidadadiario.com\/index.php\/2024\/09\/19\/oficializan-rebaja-en-la-tarifa-electrica-para-un-sector-de-usuarios-entrerrianos\/","title":{"rendered":"Oficializan rebaja en la tarifa el\u00e9ctrica para un sector de usuarios entrerrianos"},"content":{"rendered":"<p style=\"text-align: center;\"><em><strong>Se formalizaron las medidas del gobierno provincial para aliviar el impacto que gener\u00f3 la decisi\u00f3n de la Naci\u00f3n de quitar subsidios a la energ\u00eda el\u00e9ctrica. El EPRE aprob\u00f3 la un nuevo cuadro tarifario para estos usuarios<\/strong><\/em><\/p>\n<p>&nbsp;<\/p>\n<p>&nbsp;<\/p>\n<p>A principios de septiembre, el gobernador Rogelio Frigerio anunci\u00f3 la decisi\u00f3n de mantener el congelamiento del Valor Agregado de Distribuci\u00f3n (VAD), el componente provincial de la tarifa el\u00e9ctrica. Este valor remunera a las distribuidoras de energ\u00eda por el servicio que prestan.<\/p>\n<p>Frigerio confirm\u00f3 que el VAD permanecer\u00e1 sin cambios hasta el 31 de diciembre de este a\u00f1o. Este costo, que cubre operaci\u00f3n, mantenimiento e inversiones, se traslada al usuario final de acuerdo a la legislaci\u00f3n vigente.<\/p>\n<p>Adem\u00e1s, el gobernador indic\u00f3 que se aplicar\u00e1 un 25% de descuento en este \u00edtem a usuarios residenciales de escasos recursos para los primeros 700 kWh bimestrales. Esta medida beneficiar\u00e1 al 50% de los hogares entrerrianos y al 100% de las familias con ingresos inferiores a $900.000 mensuales.<\/p>\n<p>&nbsp;<\/p>\n<p><strong>Subsidios para comerciantes y pymes<\/strong><\/p>\n<p>Una medida similar se implementar\u00e1 para comerciantes, pymes, profesionales y prestadores de servicios, que recibir\u00e1n un subsidio del 50% del VAD para los primeros 700 kWh bimestrales. Esto impactar\u00e1 en el 60% del total de usuarios en este sector.<\/p>\n<p>El 17 de septiembre, el Ente Provincial Regulador de la Energ\u00eda (EPRE) aprob\u00f3 la resoluci\u00f3n N\u00b0 181, estableciendo un nuevo cuadro tarifario para los usuarios beneficiados por el subsidio provincial, en l\u00ednea con lo decidido por el Ejecutivo a trav\u00e9s de la Secretar\u00eda de Energ\u00eda.<\/p>\n<p>Energ\u00eda dispuso, ad refer\u00e9ndum del Poder Ejecutivo Provincial, que se otorgar\u00e1 \u201cun subsidio equivalente al 25% sobre el valor agregado de distribuci\u00f3n (VAD) que las distribuidoras el\u00e9ctricas de la Provincia apliquen en su facturaci\u00f3n a los usuarios residenciales urbanos y rurales comprendidos en el Segmento Nivel 2- Menores Ingresos del Registro de Acceso a los Subsidios a la Energ\u00eda (RASE) o categor\u00eda que en el futuro la reemplace seg\u00fan normativa nacional, hasta un tope m\u00e1ximo de consumo de 350 kWh mensuales, a partir del 1\u00ba de septiembre y hasta el 31 de diciembre de 2024\u201d.<\/p>\n<p>&nbsp;<\/p>\n<p><strong>Subsidios adicionales y condiciones<\/strong><\/p>\n<p>Tambi\u00e9n se otorgar\u00e1 un subsidio equivalente al 50% sobre el VAD para usuarios clasificados como T1- Uso General, con un tope de consumo de 350 kWh mensuales para los categorizados como generales urbanos y 300 kWh mensuales para rurales generales, desde el 1\u00ba de septiembre hasta el 31 de diciembre de 2024.<\/p>\n<p>La Secretar\u00eda de Energ\u00eda instruy\u00f3 al Ente Regulador \u201ca incorporar los subsidios tarifarios establecidos en el art\u00edculo 1\u00b0 y 2\u00b0 de la presente norma legal en el Cuadro Tarifario, as\u00ed como notificar a las concesionarias del servicio p\u00fablico de distribuci\u00f3n y comercializaci\u00f3n de energ\u00eda el\u00e9ctrica de la provincia de Entre R\u00edos\u201d. Esto llev\u00f3 al EPRE a elaborar un nuevo cuadro tarifario que alcanza solo a los usuarios beneficiados por esta medida.<\/p>\n<p>El Ente Regulador aclar\u00f3 que los valores establecidos no son definitivos, ya que la estructura est\u00e1 \u201ccondicionada a que no se produzcan modificaciones en los precios mayoristas de energ\u00eda, potencia y\/o transporte en el Mercado El\u00e9ctrico Mayorista (MEM)\u201d. En caso de cambios, las distribuidoras podr\u00e1n presentar nuevos valores para su an\u00e1lisis y aprobaci\u00f3n.<\/p>\n","protected":false},"excerpt":{"rendered":"<p>Se formalizaron las medidas del gobierno provincial para aliviar el impacto que gener\u00f3 la decisi\u00f3n de la Naci\u00f3n de quitar subsidios a la energ\u00eda el\u00e9ctrica. El EPRE aprob\u00f3 la un nuevo cuadro tarifario para estos usuarios &nbsp; &nbsp; A principios de septiembre, el gobernador Rogelio Frigerio anunci\u00f3 la decisi\u00f3n de mantener el congelamiento del Valor Agregado de Distribuci\u00f3n (VAD), el componente provincial de la tarifa el\u00e9ctrica. Este valor remunera a las distribuidoras de energ\u00eda por el servicio que prestan. Frigerio confirm\u00f3 que el VAD permanecer\u00e1 sin cambios hasta el 31&#8230;<\/p>\n","protected":false},"author":3,"featured_media":115893,"comment_status":"closed","ping_status":"closed","sticky":false,"template":"","format":"standard","meta":[],"categories":[15],"tags":[],"_links":{"self":[{"href":"https:\/\/www.actualidadadiario.com\/index.php\/wp-json\/wp\/v2\/posts\/120317"}],"collection":[{"href":"https:\/\/www.actualidadadiario.com\/index.php\/wp-json\/wp\/v2\/posts"}],"about":[{"href":"https:\/\/www.actualidadadiario.com\/index.php\/wp-json\/wp\/v2\/types\/post"}],"author":[{"embeddable":true,"href":"https:\/\/www.actualidadadiario.com\/index.php\/wp-json\/wp\/v2\/users\/3"}],"replies":[{"embeddable":true,"href":"https:\/\/www.actualidadadiario.com\/index.php\/wp-json\/wp\/v2\/comments?post=120317"}],"version-history":[{"count":1,"href":"https:\/\/www.actualidadadiario.com\/index.php\/wp-json\/wp\/v2\/posts\/120317\/revisions"}],"predecessor-version":[{"id":120318,"href":"https:\/\/www.actualidadadiario.com\/index.php\/wp-json\/wp\/v2\/posts\/120317\/revisions\/120318"}],"wp:featuredmedia":[{"embeddable":true,"href":"https:\/\/www.actualidadadiario.com\/index.php\/wp-json\/wp\/v2\/media\/115893"}],"wp:attachment":[{"href":"https:\/\/www.actualidadadiario.com\/index.php\/wp-json\/wp\/v2\/media?parent=120317"}],"wp:term":[{"taxonomy":"category","embeddable":true,"href":"https:\/\/www.actualidadadiario.com\/index.php\/wp-json\/wp\/v2\/categories?post=120317"},{"taxonomy":"post_tag","embeddable":true,"href":"https:\/\/www.actualidadadiario.com\/index.php\/wp-json\/wp\/v2\/tags?post=120317"}],"curies":[{"name":"wp","href":"https:\/\/api.w.org\/{rel}","templated":true}]}}