{"id":120311,"date":"2024-09-19T09:36:58","date_gmt":"2024-09-19T12:36:58","guid":{"rendered":"https:\/\/www.actualidadadiario.com\/?p=120311"},"modified":"2024-09-19T09:36:58","modified_gmt":"2024-09-19T12:36:58","slug":"presupuesto-provincial-frigerio-se-reunio-con-senadores-del-justicialismo","status":"publish","type":"post","link":"https:\/\/www.actualidadadiario.com\/index.php\/2024\/09\/19\/presupuesto-provincial-frigerio-se-reunio-con-senadores-del-justicialismo\/","title":{"rendered":"Presupuesto provincial: Frigerio se reuni\u00f3 con senadores del Justicialismo"},"content":{"rendered":"<p style=\"text-align: center;\"><em><strong>El gobernador se reuni\u00f3 con integrantes del bloque M\u00e1s para Entre R\u00edos, con quienes dialog\u00f3 sobre aspectos que incluir\u00e1 el presupuesto provincial del a\u00f1o pr\u00f3ximo. Los voceros del encuentro destacaron la convocatoria<\/strong><\/em><\/p>\n<p>&nbsp;<\/p>\n<p>&nbsp;<\/p>\n<p>El encuentro tuvo lugar en el Sal\u00f3n de los Gobernadores de la Casa de Gobierno y cont\u00f3 con la asistencia del ministro de Gobierno y Trabajo, Manuel Troncoso; y los senadores provinciales Nancy Miranda (Federal), V\u00edctor Sanzberro (Victoria), Juan Conti (Tala), Claudia Silva (Paran\u00e1), Mart\u00edn Oliva (Uruguay), Marcelo Berthet (San Salvador); y Gladys Dom\u00ednguez (Feliciano).<\/p>\n<p>Al finalizar la reuni\u00f3n, el senador Oliva recalc\u00f3: &#8220;Vienen d\u00edas y tiempos en los que el Senado tendr\u00e1 que definir ciertas cosas, entre ellas el presupuesto, que es la ley de leyes para los entrerrianos. Seguramente incluir\u00e1 obras en distintos frentes, escuelas, hospitales; obras que son provinciales. El gobernador ha permitido que, representando a juntas, comunas y municipios, nosotros podamos analizar qu\u00e9 tiene en mente para el a\u00f1o entrante, cosa que sea m\u00e1s f\u00e1cil para trabajar cuando llegue a la C\u00e1mara&#8221;.<\/p>\n<p>Por su parte, la senadora Miranda intervino, sosteniendo: &#8220;Tenemos diferentes necesidades, as\u00ed que en base a eso vamos a estar trabajando para que est\u00e9n incluidas las obras que necesitan cada uno de nuestros departamentos en el presupuesto. Hay buena intenci\u00f3n de parte del gobernador, pero hay que ver tambi\u00e9n con qu\u00e9 dinero se cuenta y desde all\u00ed poder trabajar en cada uno de nuestros lugares&#8221;.<\/p>\n<p>Ambos legisladores coincidieron en estar expectantes, luego de la convocatoria. &#8220;Que nos escuche, que nos realice la apertura del presupuesto, para poder opinar de los intereses y lo que nosotros representamos -juntas, comunas y municipios-, es muy favorable en estos tiempos&#8221;, analiz\u00f3 Mart\u00edn Oliva.<\/p>\n<p>&#8220;Confiamos en que esto va a ser algo positivo. Se ver\u00e1 a partir del a\u00f1o que viene, cuando el presupuesto se empiece a ejecutar&#8221;, agreg\u00f3 Nancy Miranda.<\/p>\n","protected":false},"excerpt":{"rendered":"<p>El gobernador se reuni\u00f3 con integrantes del bloque M\u00e1s para Entre R\u00edos, con quienes dialog\u00f3 sobre aspectos que incluir\u00e1 el presupuesto provincial del a\u00f1o pr\u00f3ximo. Los voceros del encuentro destacaron la convocatoria &nbsp; &nbsp; El encuentro tuvo lugar en el Sal\u00f3n de los Gobernadores de la Casa de Gobierno y cont\u00f3 con la asistencia del ministro de Gobierno y Trabajo, Manuel Troncoso; y los senadores provinciales Nancy Miranda (Federal), V\u00edctor Sanzberro (Victoria), Juan Conti (Tala), Claudia Silva (Paran\u00e1), Mart\u00edn Oliva (Uruguay), Marcelo Berthet (San Salvador); y Gladys Dom\u00ednguez (Feliciano). Al&#8230;<\/p>\n","protected":false},"author":3,"featured_media":120312,"comment_status":"closed","ping_status":"closed","sticky":false,"template":"","format":"standard","meta":[],"categories":[15],"tags":[],"_links":{"self":[{"href":"https:\/\/www.actualidadadiario.com\/index.php\/wp-json\/wp\/v2\/posts\/120311"}],"collection":[{"href":"https:\/\/www.actualidadadiario.com\/index.php\/wp-json\/wp\/v2\/posts"}],"about":[{"href":"https:\/\/www.actualidadadiario.com\/index.php\/wp-json\/wp\/v2\/types\/post"}],"author":[{"embeddable":true,"href":"https:\/\/www.actualidadadiario.com\/index.php\/wp-json\/wp\/v2\/users\/3"}],"replies":[{"embeddable":true,"href":"https:\/\/www.actualidadadiario.com\/index.php\/wp-json\/wp\/v2\/comments?post=120311"}],"version-history":[{"count":1,"href":"https:\/\/www.actualidadadiario.com\/index.php\/wp-json\/wp\/v2\/posts\/120311\/revisions"}],"predecessor-version":[{"id":120313,"href":"https:\/\/www.actualidadadiario.com\/index.php\/wp-json\/wp\/v2\/posts\/120311\/revisions\/120313"}],"wp:featuredmedia":[{"embeddable":true,"href":"https:\/\/www.actualidadadiario.com\/index.php\/wp-json\/wp\/v2\/media\/120312"}],"wp:attachment":[{"href":"https:\/\/www.actualidadadiario.com\/index.php\/wp-json\/wp\/v2\/media?parent=120311"}],"wp:term":[{"taxonomy":"category","embeddable":true,"href":"https:\/\/www.actualidadadiario.com\/index.php\/wp-json\/wp\/v2\/categories?post=120311"},{"taxonomy":"post_tag","embeddable":true,"href":"https:\/\/www.actualidadadiario.com\/index.php\/wp-json\/wp\/v2\/tags?post=120311"}],"curies":[{"name":"wp","href":"https:\/\/api.w.org\/{rel}","templated":true}]}}