{"id":12031,"date":"2017-05-23T10:07:53","date_gmt":"2017-05-23T13:07:53","guid":{"rendered":"http:\/\/actualidadadiario.com\/site\/?p=12031"},"modified":"2017-05-23T10:20:45","modified_gmt":"2017-05-23T13:20:45","slug":"disponen-emision-de-letras-en-dolares-por-1-500-millones","status":"publish","type":"post","link":"https:\/\/www.actualidadadiario.com\/index.php\/2017\/05\/23\/disponen-emision-de-letras-en-dolares-por-1-500-millones\/","title":{"rendered":"Disponen emisi\u00f3n de Letras en d\u00f3lares por 1.500 millones"},"content":{"rendered":"<p><em><strong>El Gobierno emiti\u00f3 tres Letras del Tesoro por un total de 1.500 millones de d\u00f3lares, en el marco de &#8220;una estrategia financiera integral&#8221; para este a\u00f1o<\/strong><\/em><\/p>\n<p>&nbsp;<\/p>\n<p>&nbsp;<\/p>\n<p>&nbsp;<\/p>\n<p>&nbsp;<\/p>\n<p>&nbsp;<\/p>\n<p>La medida qued\u00f3 establecida a partir de una resoluci\u00f3n del Ministerio de Finanzas y una disposici\u00f3n de la Tesorer\u00eda General de la Naci\u00f3n, publicadas este martes en el Bolet\u00edn Oficial.<\/p>\n<p>&nbsp;<\/p>\n<p>La primera de las Letras es por hasta 500 millones de d\u00f3lares, con las siguientes condiciones financieras, con fecha de emisi\u00f3n el 29 de mayo de 2017 y de vencimiento el 24 de mayo de 2018.<\/p>\n<p>&nbsp;<\/p>\n<p>Otra de las Letras es tambi\u00e9n por 500 millones de d\u00f3lares, con fecha de emisi\u00f3n el 29 de mayo de 2017, y de vencimiento el 24 de agosto de 2018.<\/p>\n<p>&nbsp;<\/p>\n<p>Por \u00faltimo, la Tesorer\u00eda dispuso la emisi\u00f3n de una Letra por otros 500 millones de d\u00f3lares, a ser emitidas el 29 de este mes y a 179 d\u00edas de plazo; inter\u00e9s a &#8220;cup\u00f3n cero&#8221;; amortizaci\u00f3n \u00edntegra al vencimiento; colocaci\u00f3n a trav\u00e9s de licitaci\u00f3n p\u00fablica y bajo ley argentina.<\/p>\n","protected":false},"excerpt":{"rendered":"<p>El Gobierno emiti\u00f3 tres Letras del Tesoro por un total de 1.500 millones de d\u00f3lares, en el marco de &#8220;una estrategia financiera integral&#8221; para este a\u00f1o &nbsp; &nbsp; &nbsp; &nbsp; &nbsp; La medida qued\u00f3 establecida a partir de una resoluci\u00f3n del Ministerio de Finanzas y una disposici\u00f3n de la Tesorer\u00eda General de la Naci\u00f3n, publicadas este martes en el Bolet\u00edn Oficial. &nbsp; La primera de las Letras es por hasta 500 millones de d\u00f3lares, con las siguientes condiciones financieras, con fecha de emisi\u00f3n el 29 de mayo de 2017 y&#8230;<\/p>\n","protected":false},"author":3,"featured_media":12032,"comment_status":"closed","ping_status":"closed","sticky":false,"template":"","format":"standard","meta":[],"categories":[9,2],"tags":[],"_links":{"self":[{"href":"https:\/\/www.actualidadadiario.com\/index.php\/wp-json\/wp\/v2\/posts\/12031"}],"collection":[{"href":"https:\/\/www.actualidadadiario.com\/index.php\/wp-json\/wp\/v2\/posts"}],"about":[{"href":"https:\/\/www.actualidadadiario.com\/index.php\/wp-json\/wp\/v2\/types\/post"}],"author":[{"embeddable":true,"href":"https:\/\/www.actualidadadiario.com\/index.php\/wp-json\/wp\/v2\/users\/3"}],"replies":[{"embeddable":true,"href":"https:\/\/www.actualidadadiario.com\/index.php\/wp-json\/wp\/v2\/comments?post=12031"}],"version-history":[{"count":1,"href":"https:\/\/www.actualidadadiario.com\/index.php\/wp-json\/wp\/v2\/posts\/12031\/revisions"}],"predecessor-version":[{"id":12033,"href":"https:\/\/www.actualidadadiario.com\/index.php\/wp-json\/wp\/v2\/posts\/12031\/revisions\/12033"}],"wp:featuredmedia":[{"embeddable":true,"href":"https:\/\/www.actualidadadiario.com\/index.php\/wp-json\/wp\/v2\/media\/12032"}],"wp:attachment":[{"href":"https:\/\/www.actualidadadiario.com\/index.php\/wp-json\/wp\/v2\/media?parent=12031"}],"wp:term":[{"taxonomy":"category","embeddable":true,"href":"https:\/\/www.actualidadadiario.com\/index.php\/wp-json\/wp\/v2\/categories?post=12031"},{"taxonomy":"post_tag","embeddable":true,"href":"https:\/\/www.actualidadadiario.com\/index.php\/wp-json\/wp\/v2\/tags?post=12031"}],"curies":[{"name":"wp","href":"https:\/\/api.w.org\/{rel}","templated":true}]}}