{"id":120308,"date":"2024-09-19T09:35:20","date_gmt":"2024-09-19T12:35:20","guid":{"rendered":"https:\/\/www.actualidadadiario.com\/?p=120308"},"modified":"2024-09-19T09:35:20","modified_gmt":"2024-09-19T12:35:20","slug":"frigerio-confirmo-ante-intendentes-que-tiene-el-compromiso-de-nacion-para-la-continuidad-de-obras-publicas","status":"publish","type":"post","link":"https:\/\/www.actualidadadiario.com\/index.php\/2024\/09\/19\/frigerio-confirmo-ante-intendentes-que-tiene-el-compromiso-de-nacion-para-la-continuidad-de-obras-publicas\/","title":{"rendered":"Frigerio confirm\u00f3 ante intendentes que tiene el \u201ccompromiso\u201d de Naci\u00f3n para la continuidad de obras p\u00fablicas"},"content":{"rendered":"<p style=\"text-align: center;\"><em><strong>En la tercera reuni\u00f3n con los intendentes de toda la provincia, el gobernador Rogelio Frigerio confirm\u00f3 la continuidad de las obras p\u00fablicas que est\u00e1n en marcha. Tambi\u00e9n abordaron las estrategias para la prevenci\u00f3n del dengue, la construcci\u00f3n de nuevas viviendas y los pasos para aliviar el costo de la boleta de energ\u00eda<\/strong><\/em><\/p>\n<p>&nbsp;<\/p>\n<p>&nbsp;<\/p>\n<p>&nbsp;<\/p>\n<p>\u201cHay muchos temas en com\u00fan y tenemos que trabajar juntos\u201d, subray\u00f3 Frigerio ante los presidentes municipales reunidos en Lucas Gonz\u00e1lez y ratific\u00f3 que \u201ctodos nos debemos a la gente\u201d.<\/p>\n<p>En ese marco, el mandatario provincial reiter\u00f3: \u201cTengo el compromiso de Naci\u00f3n para incorporar las obras p\u00fablicas que no est\u00e1n incluidas en el proyecto de presupuesto nacional 2025\u201d y, por otro lado, aclar\u00f3 que \u201ctodas las obras que est\u00e1n en marcha, que contaban con financiamiento nacional y nos hicimos cargo en la provincia, van a continuar\u201d.<\/p>\n<p>Durante el encuentro, se explic\u00f3 que el gobierno central \u201creconoci\u00f3 el error que cometieron al no haber traslado las actas acuerdos que se firmaron con los gobernadores al proyecto de presupuesto\u201d.<\/p>\n<p>&nbsp;<\/p>\n<p><strong>Tasas municipales en la factura de luz<\/strong><\/p>\n<p>Otro de los temas abordados fue la decisi\u00f3n de la Oficina de Defensa del Consumidor de Naci\u00f3n de pedir que las tasas municipales no formen m\u00e1s parte de la boleta de la luz, lo cual m\u00e1s tarde fue suspendido mediante una medida judicial.<\/p>\n<p>El gobernador record\u00f3 que \u201ces un problema que viene de hace mucho tiempo y genera angustia en todos los entrerrianos\u201d, lo cual conlleva \u201cla necesidad de rever los componentes de la boleta de la luz para ordenar y terminar con los parches y los sinsentidos\u201d.<\/p>\n<p>Frente a ello, Frigerio adelant\u00f3 que \u201cpara resolver los problemas de fondo, no podemos tomar decisiones intempestivas, sino que tenemos que avanzar con planificaci\u00f3n y di\u00e1logo\u201d. \u201cHay que poner sentido com\u00fan en la pol\u00edtica, m\u00e1s en los temas que afectan el bolsillo de la gente\u201d, insisti\u00f3.<\/p>\n<p>&nbsp;<\/p>\n<p><strong>Viviendas y dengue<\/strong><\/p>\n<p>En la reuni\u00f3n, tambi\u00e9n se present\u00f3 el Plan Provincial de Viviendas y se dialog\u00f3 sobre \u201cnuevas formas de encarar las dificultades que hay en torno el acceso a la vivienda juntos, provincia y municipios, teniendo en cuenta el retiro de la Naci\u00f3n en esta materia\u201d.<\/p>\n<p>En relaci\u00f3n a las unidades habitacionales que est\u00e1n en ejecuci\u00f3n, Frigerio confirm\u00f3: \u201cVamos a terminarlas, porque fueron demasiados a\u00f1os de desidia y viviendas a medio hacer que terminan vandalizadas u ocupadas\u201d.<\/p>\n<p>Asimismo, analizaron las estrategias para combatir el dengue. \u201cTenemos que trabajar juntos en la prevenci\u00f3n para esta temporada\u201d, propuso, destacando lo realizado en la temporada anterior: \u201cFue bueno, lo demuestran los n\u00fameros, somos una de las provincias con menos mortalidad\u201d.<\/p>\n","protected":false},"excerpt":{"rendered":"<p>En la tercera reuni\u00f3n con los intendentes de toda la provincia, el gobernador Rogelio Frigerio confirm\u00f3 la continuidad de las obras p\u00fablicas que est\u00e1n en marcha. Tambi\u00e9n abordaron las estrategias para la prevenci\u00f3n del dengue, la construcci\u00f3n de nuevas viviendas y los pasos para aliviar el costo de la boleta de energ\u00eda &nbsp; &nbsp; &nbsp; \u201cHay muchos temas en com\u00fan y tenemos que trabajar juntos\u201d, subray\u00f3 Frigerio ante los presidentes municipales reunidos en Lucas Gonz\u00e1lez y ratific\u00f3 que \u201ctodos nos debemos a la gente\u201d. En ese marco, el mandatario provincial&#8230;<\/p>\n","protected":false},"author":3,"featured_media":120309,"comment_status":"closed","ping_status":"closed","sticky":false,"template":"","format":"standard","meta":[],"categories":[9],"tags":[],"_links":{"self":[{"href":"https:\/\/www.actualidadadiario.com\/index.php\/wp-json\/wp\/v2\/posts\/120308"}],"collection":[{"href":"https:\/\/www.actualidadadiario.com\/index.php\/wp-json\/wp\/v2\/posts"}],"about":[{"href":"https:\/\/www.actualidadadiario.com\/index.php\/wp-json\/wp\/v2\/types\/post"}],"author":[{"embeddable":true,"href":"https:\/\/www.actualidadadiario.com\/index.php\/wp-json\/wp\/v2\/users\/3"}],"replies":[{"embeddable":true,"href":"https:\/\/www.actualidadadiario.com\/index.php\/wp-json\/wp\/v2\/comments?post=120308"}],"version-history":[{"count":1,"href":"https:\/\/www.actualidadadiario.com\/index.php\/wp-json\/wp\/v2\/posts\/120308\/revisions"}],"predecessor-version":[{"id":120310,"href":"https:\/\/www.actualidadadiario.com\/index.php\/wp-json\/wp\/v2\/posts\/120308\/revisions\/120310"}],"wp:featuredmedia":[{"embeddable":true,"href":"https:\/\/www.actualidadadiario.com\/index.php\/wp-json\/wp\/v2\/media\/120309"}],"wp:attachment":[{"href":"https:\/\/www.actualidadadiario.com\/index.php\/wp-json\/wp\/v2\/media?parent=120308"}],"wp:term":[{"taxonomy":"category","embeddable":true,"href":"https:\/\/www.actualidadadiario.com\/index.php\/wp-json\/wp\/v2\/categories?post=120308"},{"taxonomy":"post_tag","embeddable":true,"href":"https:\/\/www.actualidadadiario.com\/index.php\/wp-json\/wp\/v2\/tags?post=120308"}],"curies":[{"name":"wp","href":"https:\/\/api.w.org\/{rel}","templated":true}]}}