{"id":120294,"date":"2024-09-18T16:09:32","date_gmt":"2024-09-18T19:09:32","guid":{"rendered":"https:\/\/www.actualidadadiario.com\/?p=120294"},"modified":"2024-09-18T16:09:32","modified_gmt":"2024-09-18T19:09:32","slug":"el-fin-de-la-paz-en-colombia-gobierno-dio-por-concluidas-las-conversaciones-con-el-eln","status":"publish","type":"post","link":"https:\/\/www.actualidadadiario.com\/index.php\/2024\/09\/18\/el-fin-de-la-paz-en-colombia-gobierno-dio-por-concluidas-las-conversaciones-con-el-eln\/","title":{"rendered":"El fin de la paz en Colombia: Gobierno dio por concluidas las conversaciones con el ELN"},"content":{"rendered":"<p style=\"text-align: center;\"><em><strong>Tras un atentado en Arauca, el gobierno de Colombia anunci\u00f3 el fin de los di\u00e1logos de paz con el grupo subversivo<\/strong><\/em><\/p>\n<p>&nbsp;<\/p>\n<p>&nbsp;<\/p>\n<p>El presidente de Colombia, Gustavo Petro, repudi\u00f3 el ataque terrorista perpetrado por la guerrilla del Ej\u00e9rcito de Liberaci\u00f3n Nacional (ELN) en el departamento de Arauca en el que dos soldados perdieron la vida, cinco m\u00e1s fueron heridos de gravedad y otros 21 resultaron afectados, y anunci\u00f3 el fin de los di\u00e1logos de paz con el grupo subversivo.<\/p>\n<p>&#8220;El ELN con quien est\u00e1bamos conversando de paz y como sucedi\u00f3 alguna vez en otro sitio, aqu\u00ed cerca, en la Escuela de Polic\u00eda en donde murieron much\u00edsimos agentes de Polic\u00eda (&#8230;) pr\u00e1cticamente es una acci\u00f3n que cierra el proceso de paz con sangre&#8221;, advirti\u00f3 el mandatario.<\/p>\n<p>Petro sostuvo que este ataque terrorista en el corregimiento de Puerto Jord\u00e1n al cual consider\u00f3 un &#8220;hecho dram\u00e1tico&#8221; es solo uno de tantos que demuestran la falta de compromiso con la paz del grupo armado ilegal con el que su Gobierno reinici\u00f3 conversaciones de paz.<\/p>\n<p>Por su parte, el ministro del Interior, Juan Fernando Cristo, lament\u00f3 que con estos actos violentos esta guerrilla haya perdido una &#8220;oportunidad hist\u00f3rica&#8221; para negociar la paz con el Gobierno actual. &#8220;El discurso del presidente es absolutamente claro, no puede seguir una mesa de negociaciones en medio de la sangre de nuestros soldados y de la poblaci\u00f3n civil. El ELN no entendi\u00f3 el mensaje de la pol\u00edtica de paz del Gobierno del presidente Petro&#8221;, se\u00f1al\u00f3.<\/p>\n<p>Cristo tambi\u00e9n envi\u00f3 un mensaje de solidaridad con el pueblo del departamento de Arauca, uno de los m\u00e1s golpeados por el conflicto armado en Colombia y en especial por las acciones del ELN. &#8220;Al ELN definitivamente lo dej\u00f3 el tren de la historia&#8221;, apunt\u00f3 el ministro.<\/p>\n<p>De otro lado, el comandante general de las Fuerzas Militares colombianas, almirante Francisco Hernando Cubides, denunci\u00f3 que con estas acciones violentas el ELN pretende que el Gobierno acceda a su exigencia de sacar al grupo de la lista de Grupos Armados Organizados de Colombia. Asimismo, inform\u00f3 que los 21 soldados afectados por la onda explosiva est\u00e1n fuera de peligro y denunci\u00f3 que el ataque se realiz\u00f3 en cercan\u00edas a un colegio y puso en riesgo la vida de muchos ni\u00f1os lo cual constituye una violaci\u00f3n flagrante de los derechos humanos y una grave infracci\u00f3n al derecho internacional humanitario.<\/p>\n","protected":false},"excerpt":{"rendered":"<p>Tras un atentado en Arauca, el gobierno de Colombia anunci\u00f3 el fin de los di\u00e1logos de paz con el grupo subversivo &nbsp; &nbsp; El presidente de Colombia, Gustavo Petro, repudi\u00f3 el ataque terrorista perpetrado por la guerrilla del Ej\u00e9rcito de Liberaci\u00f3n Nacional (ELN) en el departamento de Arauca en el que dos soldados perdieron la vida, cinco m\u00e1s fueron heridos de gravedad y otros 21 resultaron afectados, y anunci\u00f3 el fin de los di\u00e1logos de paz con el grupo subversivo. &#8220;El ELN con quien est\u00e1bamos conversando de paz y como&#8230;<\/p>\n","protected":false},"author":3,"featured_media":120295,"comment_status":"closed","ping_status":"closed","sticky":false,"template":"","format":"standard","meta":[],"categories":[4],"tags":[],"_links":{"self":[{"href":"https:\/\/www.actualidadadiario.com\/index.php\/wp-json\/wp\/v2\/posts\/120294"}],"collection":[{"href":"https:\/\/www.actualidadadiario.com\/index.php\/wp-json\/wp\/v2\/posts"}],"about":[{"href":"https:\/\/www.actualidadadiario.com\/index.php\/wp-json\/wp\/v2\/types\/post"}],"author":[{"embeddable":true,"href":"https:\/\/www.actualidadadiario.com\/index.php\/wp-json\/wp\/v2\/users\/3"}],"replies":[{"embeddable":true,"href":"https:\/\/www.actualidadadiario.com\/index.php\/wp-json\/wp\/v2\/comments?post=120294"}],"version-history":[{"count":1,"href":"https:\/\/www.actualidadadiario.com\/index.php\/wp-json\/wp\/v2\/posts\/120294\/revisions"}],"predecessor-version":[{"id":120296,"href":"https:\/\/www.actualidadadiario.com\/index.php\/wp-json\/wp\/v2\/posts\/120294\/revisions\/120296"}],"wp:featuredmedia":[{"embeddable":true,"href":"https:\/\/www.actualidadadiario.com\/index.php\/wp-json\/wp\/v2\/media\/120295"}],"wp:attachment":[{"href":"https:\/\/www.actualidadadiario.com\/index.php\/wp-json\/wp\/v2\/media?parent=120294"}],"wp:term":[{"taxonomy":"category","embeddable":true,"href":"https:\/\/www.actualidadadiario.com\/index.php\/wp-json\/wp\/v2\/categories?post=120294"},{"taxonomy":"post_tag","embeddable":true,"href":"https:\/\/www.actualidadadiario.com\/index.php\/wp-json\/wp\/v2\/tags?post=120294"}],"curies":[{"name":"wp","href":"https:\/\/api.w.org\/{rel}","templated":true}]}}