{"id":120292,"date":"2024-09-18T16:08:24","date_gmt":"2024-09-18T19:08:24","guid":{"rendered":"https:\/\/www.actualidadadiario.com\/?p=120292"},"modified":"2024-09-18T16:08:24","modified_gmt":"2024-09-18T19:08:24","slug":"los-incendios-forestales-castigan-a-otros-cuatro-paises-de-america-latina-ademas-de-la-argentina","status":"publish","type":"post","link":"https:\/\/www.actualidadadiario.com\/index.php\/2024\/09\/18\/los-incendios-forestales-castigan-a-otros-cuatro-paises-de-america-latina-ademas-de-la-argentina\/","title":{"rendered":"Los incendios forestales castigan a otros cuatro pa\u00edses de Am\u00e9rica Latina, adem\u00e1s de la Argentina"},"content":{"rendered":"<p style=\"text-align: center;\"><em><strong>Brasil, Bolivia, Paraguay y Per\u00fa se ven afectados<\/strong><\/em><\/p>\n<p>&nbsp;<\/p>\n<p>&nbsp;<\/p>\n<p>&nbsp;<\/p>\n<p>El Gobierno de Paraguay inform\u00f3 que se reactivaron los incendios forestales en el departamento de Alto Paraguay, en la regi\u00f3n occidental o Chaco y fronteriza con Bolivia.<\/p>\n<p>La zona afectada se encuentra a unos 50 kil\u00f3metros al este del \u00faltimo gran evento ocurrido anteriormente y que pudo ser sofocado gracias al trabajo del avi\u00f3n hidrante enviado por Uruguay y a las lluvias registradas el \u00faltimo fin de semana en la zona afectada, coment\u00f3 en conferencia de prensa el ministro paraguayo de Defensa \u00d3scar Gonz\u00e1lez.<\/p>\n<p>&nbsp;<\/p>\n<p><strong>Per\u00fa inici\u00f3 investigaciones<\/strong><\/p>\n<p>El presidente del Consejo de Ministros de Per\u00fa, Gustavo Adrianz\u00e9n, inst\u00f3 al Ministerio P\u00fablico del pa\u00eds a iniciar las investigaciones que sean necesarias para determinar las causas de los incendios forestales que dejan 15 fallecidos hasta el momento. &#8220;Hacemos un llamado para que las fiscal\u00edas inicien investigaciones sobre los incendios que est\u00e1n siendo provocados. No podemos permitir y dejar en impunidad a quienes est\u00e1n ocasionando estos graves da\u00f1os&#8221;, declar\u00f3 Adrianz\u00e9n a periodistas desde el lime\u00f1o Centro de Operaciones de Emergencia Nacional (COEN).<\/p>\n<p>&nbsp;<\/p>\n<p><strong>Brasil vincula los incendios forestales con cierta clase de terrorismo<\/strong><\/p>\n<p>El presidente de Brasil, Luiz In\u00e1cio Lula da Silva, afirm\u00f3 que el pa\u00eds no est\u00e1 preparado para hacer frente a los centenares de incendios que afectan en estos momentos a distintas regiones del territorio nacional y sugiri\u00f3 que los fuegos podr\u00edan ser el resultado de acciones orquestadas por parte de algunos sectores que intentan crear confusi\u00f3n en el pa\u00eds.<\/p>\n<p>El Gobierno brasile\u00f1o anunci\u00f3 adem\u00e1s que destinar\u00e1 de forma urgente 514 millones de reales (93 millones de d\u00f3lares) para combatir los centenares de incendios forestales que se extienden por el pa\u00eds.<\/p>\n<p>Brasil debe endurecer las penas contra autores de cr\u00edmenes ambientales por los incendios forestales intencionales perpetrados en varias regiones del pa\u00eds desde agosto pasado, entre ellos en la selva amaz\u00f3nica, asever\u00f3 la ministra de Medio Ambiente y Cambio Clim\u00e1tico, Marina Silva.<\/p>\n<p>&nbsp;<\/p>\n<p><strong>En Bolivia mejor\u00f3 la calidad del aire<\/strong><\/p>\n<p>Bolivia registraba en las \u00faltimas horas una disminuci\u00f3n significativa en la contaminaci\u00f3n ambiental en la mayor\u00eda de sus ciudades capitales, seg\u00fan el informe emitido este martes por el Ministerio de Medio Ambiente y Agua. Este avance mejora la calidad de vida de millones de habitantes, quienes ahora disfrutan de un aire que oscila entre &#8220;bueno&#8221; y &#8220;regular&#8221;, de acuerdo con el \u00cdndice de Calidad del Aire (ICA).<\/p>\n<p>Sin embargo, las ciudades de Cobija (Pando) y Quillacollo (Cochabamba) siguen presentando niveles de contaminaci\u00f3n &#8220;muy mala&#8221; y &#8220;mala&#8221; respectivamente, lo que preocupa a las autoridades y a la poblaci\u00f3n local.<\/p>\n","protected":false},"excerpt":{"rendered":"<p>Brasil, Bolivia, Paraguay y Per\u00fa se ven afectados &nbsp; &nbsp; &nbsp; El Gobierno de Paraguay inform\u00f3 que se reactivaron los incendios forestales en el departamento de Alto Paraguay, en la regi\u00f3n occidental o Chaco y fronteriza con Bolivia. La zona afectada se encuentra a unos 50 kil\u00f3metros al este del \u00faltimo gran evento ocurrido anteriormente y que pudo ser sofocado gracias al trabajo del avi\u00f3n hidrante enviado por Uruguay y a las lluvias registradas el \u00faltimo fin de semana en la zona afectada, coment\u00f3 en conferencia de prensa el ministro&#8230;<\/p>\n","protected":false},"author":3,"featured_media":79150,"comment_status":"closed","ping_status":"closed","sticky":false,"template":"","format":"standard","meta":[],"categories":[4],"tags":[],"_links":{"self":[{"href":"https:\/\/www.actualidadadiario.com\/index.php\/wp-json\/wp\/v2\/posts\/120292"}],"collection":[{"href":"https:\/\/www.actualidadadiario.com\/index.php\/wp-json\/wp\/v2\/posts"}],"about":[{"href":"https:\/\/www.actualidadadiario.com\/index.php\/wp-json\/wp\/v2\/types\/post"}],"author":[{"embeddable":true,"href":"https:\/\/www.actualidadadiario.com\/index.php\/wp-json\/wp\/v2\/users\/3"}],"replies":[{"embeddable":true,"href":"https:\/\/www.actualidadadiario.com\/index.php\/wp-json\/wp\/v2\/comments?post=120292"}],"version-history":[{"count":1,"href":"https:\/\/www.actualidadadiario.com\/index.php\/wp-json\/wp\/v2\/posts\/120292\/revisions"}],"predecessor-version":[{"id":120293,"href":"https:\/\/www.actualidadadiario.com\/index.php\/wp-json\/wp\/v2\/posts\/120292\/revisions\/120293"}],"wp:featuredmedia":[{"embeddable":true,"href":"https:\/\/www.actualidadadiario.com\/index.php\/wp-json\/wp\/v2\/media\/79150"}],"wp:attachment":[{"href":"https:\/\/www.actualidadadiario.com\/index.php\/wp-json\/wp\/v2\/media?parent=120292"}],"wp:term":[{"taxonomy":"category","embeddable":true,"href":"https:\/\/www.actualidadadiario.com\/index.php\/wp-json\/wp\/v2\/categories?post=120292"},{"taxonomy":"post_tag","embeddable":true,"href":"https:\/\/www.actualidadadiario.com\/index.php\/wp-json\/wp\/v2\/tags?post=120292"}],"curies":[{"name":"wp","href":"https:\/\/api.w.org\/{rel}","templated":true}]}}