{"id":120290,"date":"2024-09-18T15:48:23","date_gmt":"2024-09-18T18:48:23","guid":{"rendered":"https:\/\/www.actualidadadiario.com\/?p=120290"},"modified":"2024-09-18T15:48:23","modified_gmt":"2024-09-18T18:48:23","slug":"milei-celebro-los-datos-de-inflacion-y-hablo-de-cinco-claves","status":"publish","type":"post","link":"https:\/\/www.actualidadadiario.com\/index.php\/2024\/09\/18\/milei-celebro-los-datos-de-inflacion-y-hablo-de-cinco-claves\/","title":{"rendered":"Milei celebr\u00f3 los datos de inflaci\u00f3n y habl\u00f3 de cinco claves"},"content":{"rendered":"<p style=\"text-align: center;\"><em><strong>La inflaci\u00f3n mayorista se desaceler\u00f3 al 2,1% en agosto. El Presidente destac\u00f3 el dato en su cuenta de X<\/strong><\/em><\/p>\n<p>&nbsp;<\/p>\n<p>&nbsp;<\/p>\n<p>El presidente, Javier Milei, destac\u00f3 la baja de la inflaci\u00f3n y asegur\u00f3 que &#8220;a diferencia de otros programas&#8221; lo hace sin hiperinflaci\u00f3n, suba de tarifas, Plan Bonex, control de precios y tipo de cambio. Las declaraciones surgen tras conocerse la inflaci\u00f3n mayorista que marc\u00f3 2,1% en agosto, seg\u00fan public\u00f3 el INDEC.<\/p>\n<p><em>\u201cLA INFLACI\u00d3N EST\u00c1 BAJANDO Y a diferencia de otros programas se lo est\u00e1 haciendo SIN: 1. hiperinflaci\u00f3n que lic\u00fae los saldos reales 2. Expropiaci\u00f3n tipo Plan Bonex 3. Controles de precios 4. Fijaci\u00f3n del tipo de cambio Y est\u00e1 funcionando pese a: 5. Recomposici\u00f3n de tarifas. FIN\u201d<\/em>, escribi\u00f3 el mandatario en la red social X.<\/p>\n<p>En la v\u00edspera, se conoci\u00f3 que la inflaci\u00f3n mayorista se desaceler\u00f3 al 2,1% mensual en agosto, el nivel m\u00e1s bajo desde mayo de 2020. Esta merma respondi\u00f3 fundamentalmente a la ca\u00edda de los precios internacionales en el agro y el sector energ\u00e9tico, y al ritmo de ajuste actual del tipo de cambio obificial (&#8220;crawling peg&#8221;) que el Banco Central (BCRA) defiende desde enero.<\/p>\n<p>El INDEC inform\u00f3 que el \u00cdndice de Precios Internos al por Mayor (IPIM) registr\u00f3 su variaci\u00f3n m\u00e1s acotada desde el peor momento de la pandemia de Covid-19, cuando el comercio, tanto a nivel local como global, estaba paralizado. En julio, el referencial hab\u00eda registrado un alza de 3,1%.<\/p>\n<p>Federico Furiase, economista miembro del equipo del ministro Luis Caputo y director del BCRA, sostuvo que el dato responde al &#8220;crawling del 2% mensual funcionando como ancla nominal, en contexto de super\u00e1vit fiscal y estricto control de la cantidad de dinero, mientras se corrigen tarifas y se recuperan los salarios reales&#8221;.<\/p>\n<p>Particularmente resalt\u00f3 la desinflaci\u00f3n en productos primarios de origen local. En productos agropecuarios, los precios pasaron de aumentar 7% en julio a 2,5% en agosto, mientras que la desaceleraci\u00f3n en petr\u00f3leo y gas se dio desde el 3,3% hasta el 1,8%.<\/p>\n","protected":false},"excerpt":{"rendered":"<p>La inflaci\u00f3n mayorista se desaceler\u00f3 al 2,1% en agosto. El Presidente destac\u00f3 el dato en su cuenta de X &nbsp; &nbsp; El presidente, Javier Milei, destac\u00f3 la baja de la inflaci\u00f3n y asegur\u00f3 que &#8220;a diferencia de otros programas&#8221; lo hace sin hiperinflaci\u00f3n, suba de tarifas, Plan Bonex, control de precios y tipo de cambio. Las declaraciones surgen tras conocerse la inflaci\u00f3n mayorista que marc\u00f3 2,1% en agosto, seg\u00fan public\u00f3 el INDEC. \u201cLA INFLACI\u00d3N EST\u00c1 BAJANDO Y a diferencia de otros programas se lo est\u00e1 haciendo SIN: 1. hiperinflaci\u00f3n que&#8230;<\/p>\n","protected":false},"author":3,"featured_media":120113,"comment_status":"closed","ping_status":"closed","sticky":false,"template":"","format":"standard","meta":[],"categories":[18],"tags":[],"_links":{"self":[{"href":"https:\/\/www.actualidadadiario.com\/index.php\/wp-json\/wp\/v2\/posts\/120290"}],"collection":[{"href":"https:\/\/www.actualidadadiario.com\/index.php\/wp-json\/wp\/v2\/posts"}],"about":[{"href":"https:\/\/www.actualidadadiario.com\/index.php\/wp-json\/wp\/v2\/types\/post"}],"author":[{"embeddable":true,"href":"https:\/\/www.actualidadadiario.com\/index.php\/wp-json\/wp\/v2\/users\/3"}],"replies":[{"embeddable":true,"href":"https:\/\/www.actualidadadiario.com\/index.php\/wp-json\/wp\/v2\/comments?post=120290"}],"version-history":[{"count":1,"href":"https:\/\/www.actualidadadiario.com\/index.php\/wp-json\/wp\/v2\/posts\/120290\/revisions"}],"predecessor-version":[{"id":120291,"href":"https:\/\/www.actualidadadiario.com\/index.php\/wp-json\/wp\/v2\/posts\/120290\/revisions\/120291"}],"wp:featuredmedia":[{"embeddable":true,"href":"https:\/\/www.actualidadadiario.com\/index.php\/wp-json\/wp\/v2\/media\/120113"}],"wp:attachment":[{"href":"https:\/\/www.actualidadadiario.com\/index.php\/wp-json\/wp\/v2\/media?parent=120290"}],"wp:term":[{"taxonomy":"category","embeddable":true,"href":"https:\/\/www.actualidadadiario.com\/index.php\/wp-json\/wp\/v2\/categories?post=120290"},{"taxonomy":"post_tag","embeddable":true,"href":"https:\/\/www.actualidadadiario.com\/index.php\/wp-json\/wp\/v2\/tags?post=120290"}],"curies":[{"name":"wp","href":"https:\/\/api.w.org\/{rel}","templated":true}]}}