{"id":120288,"date":"2024-09-18T15:47:34","date_gmt":"2024-09-18T18:47:34","guid":{"rendered":"https:\/\/www.actualidadadiario.com\/?p=120288"},"modified":"2024-09-18T15:47:34","modified_gmt":"2024-09-18T18:47:34","slug":"el-gobierno-justifico-el-veto-a-la-reforma-jubilatoria-no-se-dan-cuenta-el-mal-que-han-hecho-al-sistema-previsional","status":"publish","type":"post","link":"https:\/\/www.actualidadadiario.com\/index.php\/2024\/09\/18\/el-gobierno-justifico-el-veto-a-la-reforma-jubilatoria-no-se-dan-cuenta-el-mal-que-han-hecho-al-sistema-previsional\/","title":{"rendered":"El Gobierno justific\u00f3 el veto a la reforma jubilatoria: &#8220;No se dan cuenta el mal que han hecho al sistema previsional&#8221;"},"content":{"rendered":"<p style=\"text-align: center;\"><em><strong>El Jefe de Gabinete dio detalles de c\u00f3mo fue la cena con los diputados que sostuvieron el veto presidencial en la C\u00e1mara Baja. Adem\u00e1s, apunt\u00f3 contra el rol de la oposici\u00f3n sobre las jubilaciones<\/strong><\/em><\/p>\n<p>&nbsp;<\/p>\n<p>&nbsp;<\/p>\n<p>Tras el asado realizado en la Quinta de Olivos, el Jefe de Gabinete, Guillermo Francos, dio detalles de c\u00f3mo fue la noche junto a los 87 diputados que apoyaron al oficialismo en el recinto para dejar firme el veto contra las jubilaciones: &#8220;Fue una reuni\u00f3n de muy buen tono y camarader\u00eda&#8221;.<\/p>\n<p>Adem\u00e1s, Francos se defendi\u00f3 contra las cr\u00edticas de la oposici\u00f3n y cuestion\u00f3 su rol sobre el sistema previsional: &#8220;No se dan cuenta el mal que han hecho al sistema previsional, a las cuentas p\u00fablicas de la Argentina, la poca noci\u00f3n sobre c\u00f3mo se manejan. Han generado un desastre&#8221;, sentenci\u00f3.<\/p>\n<p>&nbsp;<\/p>\n<p><strong>Los detalles del asado en la Quinta de Olivos<\/strong><\/p>\n<p>El Gobierno agasaj\u00f3 con un asado, llevado a cabo el pasado martes en la Quinta de Olivos, a los 87 diputados que apoyaron el veto del gobierno en la C\u00e1mara Baja. En declaraciones radiales, Francos detall\u00f3 c\u00f3mo se llev\u00f3 a cabo la cena entre los funcionarios y asegur\u00f3 que fue una &#8220;reuni\u00f3n de muy buen tono y camader\u00eda&#8221;.<\/p>\n<p>Adem\u00e1s de los legisladores, estuvieron presentes Karina Milei, Santiago Caputo, la ministra de Seguridad, Patricia Bullrich y el vocero presidencial, Manuel Adorni. Sobre el rol del presidente en la reuni\u00f3n, Francos revel\u00f3 que Milei &#8220;Les dedic\u00f3 unas palabras y despu\u00e9s fue conversando con los distintos legisladores&#8221;.<\/p>\n<p>&#8220;Pese a que al principio tuvimos diferencias por la forma en que se trat\u00f3 la ley de reforma de ajuste jubilatorio, les hicimos entender lo que eso iba a ocasionar a futuro, el impacto negativo en los mercados. Obtuvimos el apoyo para que no se pueda insistir en esa ley y una cantidad de votos suficientes para generar en el futuro. No quiere decir en todos los casos, pero s\u00ed una posibilidad de di\u00e1logo muy clara. El Presidente est\u00e1 muy contento con esto&#8221;, asegur\u00f3.<\/p>\n<p>&#8220;Es una tarea que no es habitual en el Presidente. Pero \u00e9l entiende que, en la situaci\u00f3n que tenemos hoy, m\u00e1s all\u00e1 de todo su convencimiento, la pol\u00edtica tiene eso: es una cuesti\u00f3n de n\u00fameros y de convencer al otro. El Presidente se dedic\u00f3 a la tarea de persuasi\u00f3n&#8221;, detall\u00f3 el funcionario oficialista.<\/p>\n<p>Durante sus declaraciones, Francos tambi\u00e9n defendi\u00f3 la decisi\u00f3n de llevar a cabo la cena y respondi\u00f3 a las cr\u00edticas esbozadas por la oposici\u00f3n, que apuntaron contra el festejo de los legisladores tras decidir frenar el aumento a los haberes previsionales. &#8220;La verdad\u2026 me parece una cr\u00edtica un poco rid\u00edcula pero proviniendo del kirchnerismo no me extra\u00f1a que tengan esos argumentos. Como sab\u00edamos que esa iba a ser la cr\u00edtica, dejamos en claro que cada uno pagaba su asado. De manera que todos pagamos. No es muy com\u00fan&#8221;. Previamente, Adorni hab\u00eda confirmado que cada invitado deb\u00eda abonar $20.000 para participar.<\/p>\n<p>Francos no solo se defendi\u00f3 sino que apunt\u00f3 directamente contra el rol de la oposici\u00f3n en el manejo de las jubilaciones: &#8220;El kirchnerismo no se da cuenta de sus reiterados fracasos en las pol\u00edticas sociales, fundamentalmente con jubilados y pensionados. A partir de las moratorias generaron un desastre en el financiamiento del sistema&#8221;. Y luego, el Jefe de Gabinete concluy\u00f3: &#8220;No se dan cuenta el mal que han hecho al sistema previsional, a las cuentas p\u00fablicas de la Argentina, la poca noci\u00f3n sobre c\u00f3mo se manejan. Han generado un desastre. Cualquier cosa que se haga bien, para ellos est\u00e1 mal hecha&#8221;.<\/p>\n<p>Por \u00faltimo, el funcionario neg\u00f3 que esto pueda compararse con la foto de Olivos del festejo de cumplea\u00f1os de la ex primera dama Fabiola Ya\u00f1ez. \u201cLas cr\u00edticas que vienen de ese lado y que pretenden asemejar el encuentro de camarader\u00eda de ayer, con 80 y pico de diputados y el Presidente, con un encuentro de un cumplea\u00f1os de Fabiola, Fern\u00e1ndez, los peluqueros y los maquilladores, no tienen nada que ver\u201d, sentenci\u00f3.<\/p>\n<p>&nbsp;<\/p>\n<p><strong>Francos desminti\u00f3 la interna en el oficialismo<\/strong><\/p>\n<p>Tambi\u00e9n se refiri\u00f3 a las diferencias que existen con el asesor presidencial, Santiago Caputo y con Karina Milei: \u201cA veces uno tiene diferencias de opini\u00f3n y las diferencias despu\u00e9s se saldan\u201d, explic\u00f3 Francos<\/p>\n<p>Tanto Karina como Caputo son parte de lo que se conoce coloquialmente como el \u201ctri\u00e1ngulo de hierro\u201d del Gobierno, el c\u00edrculo m\u00e1s cercano de confianza del Presidente.<\/p>\n<p>Francos busc\u00f3 bajarle el tono a la confrontaci\u00f3n &#8211; que tuvo su punto m\u00e1s \u00e1lgido cuando el asesor se neg\u00f3 a dar marcha atr\u00e1s con las restricciones al acceso a la informaci\u00f3n p\u00fablica-, y asegur\u00f3 que la confrontaci\u00f3n tambi\u00e9n tiene que ver con un tema generacional: \u201chay diferencias de edades tambi\u00e9n. Santiago es mucho m\u00e1s joven que yo\u201d.<\/p>\n","protected":false},"excerpt":{"rendered":"<p>El Jefe de Gabinete dio detalles de c\u00f3mo fue la cena con los diputados que sostuvieron el veto presidencial en la C\u00e1mara Baja. Adem\u00e1s, apunt\u00f3 contra el rol de la oposici\u00f3n sobre las jubilaciones &nbsp; &nbsp; Tras el asado realizado en la Quinta de Olivos, el Jefe de Gabinete, Guillermo Francos, dio detalles de c\u00f3mo fue la noche junto a los 87 diputados que apoyaron al oficialismo en el recinto para dejar firme el veto contra las jubilaciones: &#8220;Fue una reuni\u00f3n de muy buen tono y camarader\u00eda&#8221;. Adem\u00e1s, Francos se&#8230;<\/p>\n","protected":false},"author":3,"featured_media":113129,"comment_status":"closed","ping_status":"closed","sticky":false,"template":"","format":"standard","meta":[],"categories":[18],"tags":[],"_links":{"self":[{"href":"https:\/\/www.actualidadadiario.com\/index.php\/wp-json\/wp\/v2\/posts\/120288"}],"collection":[{"href":"https:\/\/www.actualidadadiario.com\/index.php\/wp-json\/wp\/v2\/posts"}],"about":[{"href":"https:\/\/www.actualidadadiario.com\/index.php\/wp-json\/wp\/v2\/types\/post"}],"author":[{"embeddable":true,"href":"https:\/\/www.actualidadadiario.com\/index.php\/wp-json\/wp\/v2\/users\/3"}],"replies":[{"embeddable":true,"href":"https:\/\/www.actualidadadiario.com\/index.php\/wp-json\/wp\/v2\/comments?post=120288"}],"version-history":[{"count":1,"href":"https:\/\/www.actualidadadiario.com\/index.php\/wp-json\/wp\/v2\/posts\/120288\/revisions"}],"predecessor-version":[{"id":120289,"href":"https:\/\/www.actualidadadiario.com\/index.php\/wp-json\/wp\/v2\/posts\/120288\/revisions\/120289"}],"wp:featuredmedia":[{"embeddable":true,"href":"https:\/\/www.actualidadadiario.com\/index.php\/wp-json\/wp\/v2\/media\/113129"}],"wp:attachment":[{"href":"https:\/\/www.actualidadadiario.com\/index.php\/wp-json\/wp\/v2\/media?parent=120288"}],"wp:term":[{"taxonomy":"category","embeddable":true,"href":"https:\/\/www.actualidadadiario.com\/index.php\/wp-json\/wp\/v2\/categories?post=120288"},{"taxonomy":"post_tag","embeddable":true,"href":"https:\/\/www.actualidadadiario.com\/index.php\/wp-json\/wp\/v2\/tags?post=120288"}],"curies":[{"name":"wp","href":"https:\/\/api.w.org\/{rel}","templated":true}]}}