{"id":120285,"date":"2024-09-18T15:46:55","date_gmt":"2024-09-18T18:46:55","guid":{"rendered":"https:\/\/www.actualidadadiario.com\/?p=120285"},"modified":"2024-09-18T15:46:55","modified_gmt":"2024-09-18T18:46:55","slug":"adorni-fue-ascendido-y-tendra-rango-de-ministro","status":"publish","type":"post","link":"https:\/\/www.actualidadadiario.com\/index.php\/2024\/09\/18\/adorni-fue-ascendido-y-tendra-rango-de-ministro\/","title":{"rendered":"Adorni fue ascendido y tendr\u00e1 rango de ministro"},"content":{"rendered":"<p style=\"text-align: center;\"><em><strong>El vocero presidencial depender\u00e1 directamente de Javier Milei seg\u00fan el nuevo cargo que se dio a conocer a trav\u00e9s de un decreto publicado este mi\u00e9rcoles en el Bolet\u00edn Oficial<\/strong><\/em><\/p>\n<p>&nbsp;<\/p>\n<p>&nbsp;<\/p>\n<p>A trav\u00e9s del decreto 834 publicado este mi\u00e9rcoles en el Bolet\u00edn Oficial, el gobierno dispuso el pase de la Secretar\u00eda de Comunicaci\u00f3n y Medios a la \u00f3rbita de la Secretar\u00eda de la Presidencia de la Naci\u00f3n. De esta manera, el vocero presidencial, Manuel Adorni, tendr\u00e1 rango y jerarqu\u00eda de ministro.<\/p>\n<p>El decreto indica que los cambios se deben a \u201crazones de gesti\u00f3n\u201d. Adem\u00e1s, se inform\u00f3 que esta modificaci\u00f3n eleva a seis las \u00e1reas con rango ministerial bajo la direcci\u00f3n de Milei, entre las que se destaca el nombramiento de Adorni que se suma a Karina Milei, secretaria general de la Presidencia, Javier Herrera Bravo en Legal y T\u00e9cnica, Eduardo Serenellini en Prensa y Sergio Neiffert, a cargo de la SIDE.<\/p>\n<p>El decreto aclara que cada titular tendr\u00e1 rango y jerarqu\u00eda de ministro, un ajuste que busca optimizar el funcionamiento del Poder Ejecutivo y, seg\u00fan el mismo, las secretar\u00edas presidenciales encargadas de asistir al Presidente en su gesti\u00f3n incluyen las siguientes \u00e1reas:<\/p>\n<p>-General: Karina Milei<\/p>\n<p>-Legal y T\u00e9cnica: Javier Herrera Bravo<\/p>\n<p>-Planeamiento Estrat\u00e9gico Normativo: Mar\u00eda Ibarzabal Murphy<\/p>\n<p>-Prensa: Eduardo Serenellini<\/p>\n<p>-Inteligencia de Estado: Sergio Neiffert<\/p>\n<p>-Comunicaci\u00f3n y Medios: Manuel Adorni<\/p>\n","protected":false},"excerpt":{"rendered":"<p>El vocero presidencial depender\u00e1 directamente de Javier Milei seg\u00fan el nuevo cargo que se dio a conocer a trav\u00e9s de un decreto publicado este mi\u00e9rcoles en el Bolet\u00edn Oficial &nbsp; &nbsp; A trav\u00e9s del decreto 834 publicado este mi\u00e9rcoles en el Bolet\u00edn Oficial, el gobierno dispuso el pase de la Secretar\u00eda de Comunicaci\u00f3n y Medios a la \u00f3rbita de la Secretar\u00eda de la Presidencia de la Naci\u00f3n. De esta manera, el vocero presidencial, Manuel Adorni, tendr\u00e1 rango y jerarqu\u00eda de ministro. El decreto indica que los cambios se deben a&#8230;<\/p>\n","protected":false},"author":3,"featured_media":120286,"comment_status":"closed","ping_status":"closed","sticky":false,"template":"","format":"standard","meta":[],"categories":[18],"tags":[],"_links":{"self":[{"href":"https:\/\/www.actualidadadiario.com\/index.php\/wp-json\/wp\/v2\/posts\/120285"}],"collection":[{"href":"https:\/\/www.actualidadadiario.com\/index.php\/wp-json\/wp\/v2\/posts"}],"about":[{"href":"https:\/\/www.actualidadadiario.com\/index.php\/wp-json\/wp\/v2\/types\/post"}],"author":[{"embeddable":true,"href":"https:\/\/www.actualidadadiario.com\/index.php\/wp-json\/wp\/v2\/users\/3"}],"replies":[{"embeddable":true,"href":"https:\/\/www.actualidadadiario.com\/index.php\/wp-json\/wp\/v2\/comments?post=120285"}],"version-history":[{"count":1,"href":"https:\/\/www.actualidadadiario.com\/index.php\/wp-json\/wp\/v2\/posts\/120285\/revisions"}],"predecessor-version":[{"id":120287,"href":"https:\/\/www.actualidadadiario.com\/index.php\/wp-json\/wp\/v2\/posts\/120285\/revisions\/120287"}],"wp:featuredmedia":[{"embeddable":true,"href":"https:\/\/www.actualidadadiario.com\/index.php\/wp-json\/wp\/v2\/media\/120286"}],"wp:attachment":[{"href":"https:\/\/www.actualidadadiario.com\/index.php\/wp-json\/wp\/v2\/media?parent=120285"}],"wp:term":[{"taxonomy":"category","embeddable":true,"href":"https:\/\/www.actualidadadiario.com\/index.php\/wp-json\/wp\/v2\/categories?post=120285"},{"taxonomy":"post_tag","embeddable":true,"href":"https:\/\/www.actualidadadiario.com\/index.php\/wp-json\/wp\/v2\/tags?post=120285"}],"curies":[{"name":"wp","href":"https:\/\/api.w.org\/{rel}","templated":true}]}}