{"id":120283,"date":"2024-09-18T15:45:47","date_gmt":"2024-09-18T18:45:47","guid":{"rendered":"https:\/\/www.actualidadadiario.com\/?p=120283"},"modified":"2024-09-18T15:45:47","modified_gmt":"2024-09-18T18:45:47","slug":"un-chileno-hijo-de-un-exfuncionario-de-pinochet-es-desde-hoy-viceministro-de-economia-de-la-argentina","status":"publish","type":"post","link":"https:\/\/www.actualidadadiario.com\/index.php\/2024\/09\/18\/un-chileno-hijo-de-un-exfuncionario-de-pinochet-es-desde-hoy-viceministro-de-economia-de-la-argentina\/","title":{"rendered":"Un chileno, hijo de un exfuncionario de Pinochet, es desde hoy viceministro de Econom\u00eda de la Argentina"},"content":{"rendered":"<p style=\"text-align: center;\"><em><strong>Luego de varias semanas de trabajo informal, se public\u00f3 en el Bolet\u00edn Oficial su designaci\u00f3n como Secretario de Pol\u00edtica Econ\u00f3mica. Su padre fue subsecretario de Relaciones Exteriores y luego embajador en varios pa\u00edses durante la dictadura chilena<\/strong><\/em><\/p>\n<p>&nbsp;<\/p>\n<p>&nbsp;<\/p>\n<p>El Gobierno nacional hizo oficial la designaci\u00f3n del chileno Jos\u00e9 Luis Daza como Secretario de Pol\u00edtica Econ\u00f3mica, cargo que en la pr\u00e1ctica funciona como la de virtual viceministro de Econom\u00eda.<\/p>\n<p>Lo hizo a trav\u00e9s de la publicaci\u00f3n en el Bolet\u00edn Oficial del Decreto 835\/2024 publicado hoy en el Bolet\u00edn Oficial.<\/p>\n<p>Este lunes, Caputo le dio la bienvenida a Daza publicando en la red \u201cX\u201d una foto de ambos en el despacho ministerial.<\/p>\n<p>Ya tres semanas antes, Caputo hab\u00eda anunciado el nombramiento de Daza e incluso el domingo fue uno de los funcionarios del Ministerio de Econom\u00eda en el Congreso Nacional durante le presentaci\u00f3n del Presupuesto 2025.<\/p>\n<p>Daza naci\u00f3 en Buenos Aires hace 65 a\u00f1os cuando su padre era diplom\u00e1tico en el pa\u00eds y realiz\u00f3 toda su carrera en diferentes bancos de inversi\u00f3n donde entabl\u00f3 un v\u00ednculo con Caputo.<\/p>\n<p>El economista fundo junto al actual asesor presidencial Demi\u00e1n Reidel, y otros inversores, el fondo de inversi\u00f3n QFR Capital Management. Daza se gradu\u00f3 en la Universidad de Chile y adem\u00e1s tiene un doctorado en la Universidad de Georgetown.<\/p>\n<p>Durante la campa\u00f1a electoral de 2021, fue mencionado como eventual ministro de Econom\u00eda del Chile en caso del triunfo de Jos\u00e9 Antonio Kast.<\/p>\n<p>Su padre, el diplom\u00e1tico chileno Pedro Daza, fue subsecretario de Relaciones Exteriores y luego embajador de su pa\u00eds durante la dictadura de Augusto Pinochet en Venezuela, Argentina, Bolivia y Uruguay, donde Jos\u00e9 Luis pas\u00f3 parte de su adolescencia.<\/p>\n","protected":false},"excerpt":{"rendered":"<p>Luego de varias semanas de trabajo informal, se public\u00f3 en el Bolet\u00edn Oficial su designaci\u00f3n como Secretario de Pol\u00edtica Econ\u00f3mica. Su padre fue subsecretario de Relaciones Exteriores y luego embajador en varios pa\u00edses durante la dictadura chilena &nbsp; &nbsp; El Gobierno nacional hizo oficial la designaci\u00f3n del chileno Jos\u00e9 Luis Daza como Secretario de Pol\u00edtica Econ\u00f3mica, cargo que en la pr\u00e1ctica funciona como la de virtual viceministro de Econom\u00eda. Lo hizo a trav\u00e9s de la publicaci\u00f3n en el Bolet\u00edn Oficial del Decreto 835\/2024 publicado hoy en el Bolet\u00edn Oficial. Este&#8230;<\/p>\n","protected":false},"author":3,"featured_media":119289,"comment_status":"closed","ping_status":"closed","sticky":false,"template":"","format":"standard","meta":[],"categories":[18],"tags":[],"_links":{"self":[{"href":"https:\/\/www.actualidadadiario.com\/index.php\/wp-json\/wp\/v2\/posts\/120283"}],"collection":[{"href":"https:\/\/www.actualidadadiario.com\/index.php\/wp-json\/wp\/v2\/posts"}],"about":[{"href":"https:\/\/www.actualidadadiario.com\/index.php\/wp-json\/wp\/v2\/types\/post"}],"author":[{"embeddable":true,"href":"https:\/\/www.actualidadadiario.com\/index.php\/wp-json\/wp\/v2\/users\/3"}],"replies":[{"embeddable":true,"href":"https:\/\/www.actualidadadiario.com\/index.php\/wp-json\/wp\/v2\/comments?post=120283"}],"version-history":[{"count":1,"href":"https:\/\/www.actualidadadiario.com\/index.php\/wp-json\/wp\/v2\/posts\/120283\/revisions"}],"predecessor-version":[{"id":120284,"href":"https:\/\/www.actualidadadiario.com\/index.php\/wp-json\/wp\/v2\/posts\/120283\/revisions\/120284"}],"wp:featuredmedia":[{"embeddable":true,"href":"https:\/\/www.actualidadadiario.com\/index.php\/wp-json\/wp\/v2\/media\/119289"}],"wp:attachment":[{"href":"https:\/\/www.actualidadadiario.com\/index.php\/wp-json\/wp\/v2\/media?parent=120283"}],"wp:term":[{"taxonomy":"category","embeddable":true,"href":"https:\/\/www.actualidadadiario.com\/index.php\/wp-json\/wp\/v2\/categories?post=120283"},{"taxonomy":"post_tag","embeddable":true,"href":"https:\/\/www.actualidadadiario.com\/index.php\/wp-json\/wp\/v2\/tags?post=120283"}],"curies":[{"name":"wp","href":"https:\/\/api.w.org\/{rel}","templated":true}]}}