{"id":120280,"date":"2024-09-18T15:45:13","date_gmt":"2024-09-18T18:45:13","guid":{"rendered":"https:\/\/www.actualidadadiario.com\/?p=120280"},"modified":"2024-09-18T15:45:13","modified_gmt":"2024-09-18T18:45:13","slug":"el-titular-la-side-fue-al-congreso-y-nego-haber-ejecutado-los-fondos-reservados","status":"publish","type":"post","link":"https:\/\/www.actualidadadiario.com\/index.php\/2024\/09\/18\/el-titular-la-side-fue-al-congreso-y-nego-haber-ejecutado-los-fondos-reservados\/","title":{"rendered":"El titular la SIDE fue al Congreso y neg\u00f3 haber ejecutado los fondos reservados"},"content":{"rendered":"<p style=\"text-align: center;\"><em><strong>Sergio Neiffert se present\u00f3 ante la Bicameral de Inteligencia. Asegur\u00f3 no haber utilizado los 100.000 millones de pesos que el Gobierno le gir\u00f3 al organismo para utilizar como fondo reservado y fue vetado por el Congreso<\/strong><\/em><\/p>\n<p>&nbsp;<\/p>\n<p>&nbsp;<\/p>\n<p>El titular de la Secretar\u00eda de Inteligencia de Estado, Sergio Neiffert, asegur\u00f3 ante la Bicameral de Inteligencia no haber utilizado los 100.000 millones de pesos que el Gobierno le gir\u00f3 al organismo para utilizar como fondo reservado. La semana pasada, el Congreso de la Naci\u00f3n dej\u00f3 sin efecto ese decreto.<\/p>\n<p>Neiffert hab\u00eda sido convocado semanas atr\u00e1s en la primera reuni\u00f3n realizada el pasado 27 de agosto.<\/p>\n<p>Adem\u00e1s de una rendici\u00f3n de cuentas sobre la utilizaci\u00f3n de esos fondos, asegur\u00f3 ante los senadores y diputados que todav\u00eda no tiene el plan de inteligencia que instrumentar\u00e1 en la nueva estructura.<\/p>\n<p>El informe comenz\u00f3 a las 16:00 y estuvo a cargo de Neiffert, quien estuvo acompa\u00f1ado por el director del Servicio de Inteligencia, Alejandro Colombo; el director de la Agencia de Seguridad Nacional; Alejandro Cecati; el director de la Agencia Federal de Ciberseguridad, Ariel Waissbein; Andr\u00e9s Spitzer, jefe de Gabinete; y Mariano Cholakian, subsecretario de Planeamiento.<\/p>\n<p>La Comisi\u00f3n Bicameral cobr\u00f3 relevancia luego de que el presidente Javier Milei dictara el Decreto de Necesidad y Urgencia 656\/24 por el cual le otorg\u00f3 millonarios fondos a la SIDE.<\/p>\n<p>Su conducci\u00f3n qued\u00f3 en manos del radical Mart\u00edn Lousteau, quien es secundado como vicepresidente por el diputado Leopoldo Moreau y como secretario el senador Oscar Parrilli, dos espadas de la ex presidenta Cristina Kirchner.<\/p>\n<p>De la misma manera en la que Neiffert afirm\u00f3 que no se utiliz\u00f3 el dinero, sostuvo que ser\u00e1 devuelto. En la madrugada del viernes pasado, el Senado le dio el mazazo final al DNU de la SIDE con 49 votos en contra y 11 a favor.<\/p>\n<p>La mayor\u00eda se construy\u00f3 con votos del radicalismo, kirchneristas y bloques federales.<\/p>\n","protected":false},"excerpt":{"rendered":"<p>Sergio Neiffert se present\u00f3 ante la Bicameral de Inteligencia. Asegur\u00f3 no haber utilizado los 100.000 millones de pesos que el Gobierno le gir\u00f3 al organismo para utilizar como fondo reservado y fue vetado por el Congreso &nbsp; &nbsp; El titular de la Secretar\u00eda de Inteligencia de Estado, Sergio Neiffert, asegur\u00f3 ante la Bicameral de Inteligencia no haber utilizado los 100.000 millones de pesos que el Gobierno le gir\u00f3 al organismo para utilizar como fondo reservado. La semana pasada, el Congreso de la Naci\u00f3n dej\u00f3 sin efecto ese decreto. Neiffert hab\u00eda&#8230;<\/p>\n","protected":false},"author":3,"featured_media":120281,"comment_status":"closed","ping_status":"closed","sticky":false,"template":"","format":"standard","meta":[],"categories":[18],"tags":[],"_links":{"self":[{"href":"https:\/\/www.actualidadadiario.com\/index.php\/wp-json\/wp\/v2\/posts\/120280"}],"collection":[{"href":"https:\/\/www.actualidadadiario.com\/index.php\/wp-json\/wp\/v2\/posts"}],"about":[{"href":"https:\/\/www.actualidadadiario.com\/index.php\/wp-json\/wp\/v2\/types\/post"}],"author":[{"embeddable":true,"href":"https:\/\/www.actualidadadiario.com\/index.php\/wp-json\/wp\/v2\/users\/3"}],"replies":[{"embeddable":true,"href":"https:\/\/www.actualidadadiario.com\/index.php\/wp-json\/wp\/v2\/comments?post=120280"}],"version-history":[{"count":1,"href":"https:\/\/www.actualidadadiario.com\/index.php\/wp-json\/wp\/v2\/posts\/120280\/revisions"}],"predecessor-version":[{"id":120282,"href":"https:\/\/www.actualidadadiario.com\/index.php\/wp-json\/wp\/v2\/posts\/120280\/revisions\/120282"}],"wp:featuredmedia":[{"embeddable":true,"href":"https:\/\/www.actualidadadiario.com\/index.php\/wp-json\/wp\/v2\/media\/120281"}],"wp:attachment":[{"href":"https:\/\/www.actualidadadiario.com\/index.php\/wp-json\/wp\/v2\/media?parent=120280"}],"wp:term":[{"taxonomy":"category","embeddable":true,"href":"https:\/\/www.actualidadadiario.com\/index.php\/wp-json\/wp\/v2\/categories?post=120280"},{"taxonomy":"post_tag","embeddable":true,"href":"https:\/\/www.actualidadadiario.com\/index.php\/wp-json\/wp\/v2\/tags?post=120280"}],"curies":[{"name":"wp","href":"https:\/\/api.w.org\/{rel}","templated":true}]}}