{"id":12028,"date":"2017-05-23T10:05:21","date_gmt":"2017-05-23T13:05:21","guid":{"rendered":"http:\/\/actualidadadiario.com\/site\/?p=12028"},"modified":"2017-05-23T10:05:21","modified_gmt":"2017-05-23T13:05:21","slug":"el-gobierno-autorizo-un-aumento-del-11-en-las-prepagas","status":"publish","type":"post","link":"https:\/\/www.actualidadadiario.com\/index.php\/2017\/05\/23\/el-gobierno-autorizo-un-aumento-del-11-en-las-prepagas\/","title":{"rendered":"El Gobierno autoriz\u00f3 un aumento del 11% en las prepagas"},"content":{"rendered":"<p><em><strong>Seg\u00fan una resoluci\u00f3n publicada en el Bolet\u00edn Oficial, el Gobierno autoriz\u00f3 a las empresas de medicina privada a aumentar sus cuotas un 11%. La suba ser\u00e1 de un 6% a partir de julio, y de un 5% desde agosto<\/strong><\/em><\/p>\n<p>&nbsp;<\/p>\n<p>&nbsp;<\/p>\n<p>&nbsp;<\/p>\n<p>&nbsp;<\/p>\n<p>&nbsp;<\/p>\n<p>La medida, firmada por el ministro de Salud Jorge Lemus, autoriz\u00f3 a todas las entidades de medicina prepaga &#8220;un aumento general, complementario y acumulativo del valor de las cuotas mensuales que deben abonar sus usuarios, de aquel que fuera aprobado en diciembre de 2016 mediante Resoluci\u00f3n N\u00ba 2371\/2016 MS, de un seis por ciento (6%) a partir del 1\u00ba de julio de 2017 y de un cinco por ciento (5%) a partir del 1\u00ba de agosto de 2017&#8221;.<\/p>\n<p>&nbsp;<\/p>\n<p>El Ministerio record\u00f3 que, para que el aumento pueda percibirse, las empresas deben notificar de manera fehaciente a los usuarios, a fin de que tengan cabal informaci\u00f3n de la suba.<\/p>\n<p>&nbsp;<\/p>\n<p>En diciembre, el Gobierno ya hab\u00eda autorizado a las prepagas a aplicar un aumento del 6% al precio de la cuota mensual desde el 1 de febrero de este a\u00f1o.<\/p>\n","protected":false},"excerpt":{"rendered":"<p>Seg\u00fan una resoluci\u00f3n publicada en el Bolet\u00edn Oficial, el Gobierno autoriz\u00f3 a las empresas de medicina privada a aumentar sus cuotas un 11%. La suba ser\u00e1 de un 6% a partir de julio, y de un 5% desde agosto &nbsp; &nbsp; &nbsp; &nbsp; &nbsp; La medida, firmada por el ministro de Salud Jorge Lemus, autoriz\u00f3 a todas las entidades de medicina prepaga &#8220;un aumento general, complementario y acumulativo del valor de las cuotas mensuales que deben abonar sus usuarios, de aquel que fuera aprobado en diciembre de 2016 mediante Resoluci\u00f3n&#8230;<\/p>\n","protected":false},"author":3,"featured_media":12029,"comment_status":"closed","ping_status":"closed","sticky":false,"template":"","format":"standard","meta":[],"categories":[2],"tags":[],"_links":{"self":[{"href":"https:\/\/www.actualidadadiario.com\/index.php\/wp-json\/wp\/v2\/posts\/12028"}],"collection":[{"href":"https:\/\/www.actualidadadiario.com\/index.php\/wp-json\/wp\/v2\/posts"}],"about":[{"href":"https:\/\/www.actualidadadiario.com\/index.php\/wp-json\/wp\/v2\/types\/post"}],"author":[{"embeddable":true,"href":"https:\/\/www.actualidadadiario.com\/index.php\/wp-json\/wp\/v2\/users\/3"}],"replies":[{"embeddable":true,"href":"https:\/\/www.actualidadadiario.com\/index.php\/wp-json\/wp\/v2\/comments?post=12028"}],"version-history":[{"count":1,"href":"https:\/\/www.actualidadadiario.com\/index.php\/wp-json\/wp\/v2\/posts\/12028\/revisions"}],"predecessor-version":[{"id":12030,"href":"https:\/\/www.actualidadadiario.com\/index.php\/wp-json\/wp\/v2\/posts\/12028\/revisions\/12030"}],"wp:featuredmedia":[{"embeddable":true,"href":"https:\/\/www.actualidadadiario.com\/index.php\/wp-json\/wp\/v2\/media\/12029"}],"wp:attachment":[{"href":"https:\/\/www.actualidadadiario.com\/index.php\/wp-json\/wp\/v2\/media?parent=12028"}],"wp:term":[{"taxonomy":"category","embeddable":true,"href":"https:\/\/www.actualidadadiario.com\/index.php\/wp-json\/wp\/v2\/categories?post=12028"},{"taxonomy":"post_tag","embeddable":true,"href":"https:\/\/www.actualidadadiario.com\/index.php\/wp-json\/wp\/v2\/tags?post=12028"}],"curies":[{"name":"wp","href":"https:\/\/api.w.org\/{rel}","templated":true}]}}